{"id":2170,"date":"2025-08-15T20:00:00","date_gmt":"2025-08-15T18:00:00","guid":{"rendered":"https:\/\/www.osfs.eu\/salesianum-rosental\/?p=2170"},"modified":"2025-08-16T08:50:09","modified_gmt":"2025-08-16T06:50:09","slug":"maria-himmelfahrt-mit-kraeutersegnung","status":"publish","type":"post","link":"https:\/\/www.osfs.eu\/salesianum-rosental\/maria-himmelfahrt-mit-kraeutersegnung\/","title":{"rendered":"Maria Himmelfahrt mit Kr\u00e4utersegnung"},"content":{"rendered":"\n<p>Am Fest Maria Himmelfahrt, 15. August, ist es Tradition, Kr\u00e4uter zu segnen und an die Menschen zu verteilen. Gerade um diese Zeit entfalten n\u00e4mlich viele Kr\u00e4uter ihre heilsame Kraft am intensivsten. Dieser alte Brauch soll die Menschen an die Heilkraft Gottes erinnern, die an Maria besonders deutlich geworden ist.<\/p>\n\n\n\n<p>So fand auch im Salesianum am Freitag, 15. August 2025, w\u00e4hrend der Heiligen Messe eine Kr\u00e4utersegnung statt, die Zelebrant P. Josef Prinz OSFS durchf\u00fchrte.<\/p>\n\n\n\n<p>Fotos: Michaela Koderer<\/p>\n\n\n\n<figure class=\"wp-block-gallery has-nested-images columns-default is-cropped wp-block-gallery-1 is-layout-flex wp-block-gallery-is-layout-flex\">\n<figure class=\"wp-block-image size-large\"><a href=\"https:\/\/www.osfs.eu\/salesianum-rosental\/wp-content\/uploads\/sites\/8\/2025\/08\/rosental_mariahimmelfahrt_2025-08-15.jpg\"><img fetchpriority=\"high\" decoding=\"async\" width=\"768\" height=\"1024\" data-id=\"2175\" src=\"https:\/\/www.osfs.eu\/salesianum-rosental\/wp-content\/uploads\/sites\/8\/2025\/08\/rosental_mariahimmelfahrt_2025-08-15-768x1024.jpg\" alt=\"\" class=\"wp-image-2175\" srcset=\"https:\/\/www.osfs.eu\/salesianum-rosental\/wp-content\/uploads\/sites\/8\/2025\/08\/rosental_mariahimmelfahrt_2025-08-15-768x1024.jpg 768w, https:\/\/www.osfs.eu\/salesianum-rosental\/wp-content\/uploads\/sites\/8\/2025\/08\/rosental_mariahimmelfahrt_2025-08-15-225x300.jpg 225w, https:\/\/www.osfs.eu\/salesianum-rosental\/wp-content\/uploads\/sites\/8\/2025\/08\/rosental_mariahimmelfahrt_2025-08-15-1152x1536.jpg 1152w, https:\/\/www.osfs.eu\/salesianum-rosental\/wp-content\/uploads\/sites\/8\/2025\/08\/rosental_mariahimmelfahrt_2025-08-15.jpg 1536w\" sizes=\"(max-width: 768px) 100vw, 768px\" \/><\/a><\/figure>\n\n\n\n<figure class=\"wp-block-image size-large\"><a href=\"https:\/\/www.osfs.eu\/salesianum-rosental\/wp-content\/uploads\/sites\/8\/2025\/08\/rosental_mariahimmelfahrt_2025-08-15_02.jpg\"><img decoding=\"async\" width=\"768\" height=\"1024\" data-id=\"2174\" src=\"https:\/\/www.osfs.eu\/salesianum-rosental\/wp-content\/uploads\/sites\/8\/2025\/08\/rosental_mariahimmelfahrt_2025-08-15_02-768x1024.jpg\" alt=\"\" class=\"wp-image-2174\" srcset=\"https:\/\/www.osfs.eu\/salesianum-rosental\/wp-content\/uploads\/sites\/8\/2025\/08\/rosental_mariahimmelfahrt_2025-08-15_02-768x1024.jpg 768w, https:\/\/www.osfs.eu\/salesianum-rosental\/wp-content\/uploads\/sites\/8\/2025\/08\/rosental_mariahimmelfahrt_2025-08-15_02-225x300.jpg 225w, https:\/\/www.osfs.eu\/salesianum-rosental\/wp-content\/uploads\/sites\/8\/2025\/08\/rosental_mariahimmelfahrt_2025-08-15_02-1152x1536.jpg 1152w, https:\/\/www.osfs.eu\/salesianum-rosental\/wp-content\/uploads\/sites\/8\/2025\/08\/rosental_mariahimmelfahrt_2025-08-15_02.jpg 1536w\" sizes=\"(max-width: 768px) 100vw, 768px\" \/><\/a><\/figure>\n\n\n\n<figure class=\"wp-block-image size-large\"><a href=\"https:\/\/www.osfs.eu\/salesianum-rosental\/wp-content\/uploads\/sites\/8\/2025\/08\/rosental_mariahimmelfahrt_2025-08-15_03.jpg\"><img decoding=\"async\" width=\"768\" height=\"1024\" data-id=\"2171\" src=\"https:\/\/www.osfs.eu\/salesianum-rosental\/wp-content\/uploads\/sites\/8\/2025\/08\/rosental_mariahimmelfahrt_2025-08-15_03-768x1024.jpg\" alt=\"\" class=\"wp-image-2171\" srcset=\"https:\/\/www.osfs.eu\/salesianum-rosental\/wp-content\/uploads\/sites\/8\/2025\/08\/rosental_mariahimmelfahrt_2025-08-15_03-768x1024.jpg 768w, https:\/\/www.osfs.eu\/salesianum-rosental\/wp-content\/uploads\/sites\/8\/2025\/08\/rosental_mariahimmelfahrt_2025-08-15_03-225x300.jpg 225w, https:\/\/www.osfs.eu\/salesianum-rosental\/wp-content\/uploads\/sites\/8\/2025\/08\/rosental_mariahimmelfahrt_2025-08-15_03-1152x1536.jpg 1152w, https:\/\/www.osfs.eu\/salesianum-rosental\/wp-content\/uploads\/sites\/8\/2025\/08\/rosental_mariahimmelfahrt_2025-08-15_03.jpg 1536w\" sizes=\"(max-width: 768px) 100vw, 768px\" \/><\/a><\/figure>\n\n\n\n<figure class=\"wp-block-image size-large\"><a href=\"https:\/\/www.osfs.eu\/salesianum-rosental\/wp-content\/uploads\/sites\/8\/2025\/08\/rosental_mariahimmelfahrt_2025-08-15_04.jpg\"><img loading=\"lazy\" decoding=\"async\" width=\"768\" height=\"1024\" data-id=\"2173\" src=\"https:\/\/www.osfs.eu\/salesianum-rosental\/wp-content\/uploads\/sites\/8\/2025\/08\/rosental_mariahimmelfahrt_2025-08-15_04-768x1024.jpg\" alt=\"\" class=\"wp-image-2173\" srcset=\"https:\/\/www.osfs.eu\/salesianum-rosental\/wp-content\/uploads\/sites\/8\/2025\/08\/rosental_mariahimmelfahrt_2025-08-15_04-768x1024.jpg 768w, https:\/\/www.osfs.eu\/salesianum-rosental\/wp-content\/uploads\/sites\/8\/2025\/08\/rosental_mariahimmelfahrt_2025-08-15_04-225x300.jpg 225w, https:\/\/www.osfs.eu\/salesianum-rosental\/wp-content\/uploads\/sites\/8\/2025\/08\/rosental_mariahimmelfahrt_2025-08-15_04-1152x1536.jpg 1152w, https:\/\/www.osfs.eu\/salesianum-rosental\/wp-content\/uploads\/sites\/8\/2025\/08\/rosental_mariahimmelfahrt_2025-08-15_04.jpg 1536w\" sizes=\"(max-width: 768px) 100vw, 768px\" \/><\/a><\/figure>\n\n\n\n<figure class=\"wp-block-image size-large\"><a href=\"https:\/\/www.osfs.eu\/salesianum-rosental\/wp-content\/uploads\/sites\/8\/2025\/08\/rosental_mariahimmelfahrt_2025-08-15_05.jpg\"><img loading=\"lazy\" decoding=\"async\" width=\"768\" height=\"1024\" data-id=\"2176\" src=\"https:\/\/www.osfs.eu\/salesianum-rosental\/wp-content\/uploads\/sites\/8\/2025\/08\/rosental_mariahimmelfahrt_2025-08-15_05-768x1024.jpg\" alt=\"\" class=\"wp-image-2176\" srcset=\"https:\/\/www.osfs.eu\/salesianum-rosental\/wp-content\/uploads\/sites\/8\/2025\/08\/rosental_mariahimmelfahrt_2025-08-15_05-768x1024.jpg 768w, https:\/\/www.osfs.eu\/salesianum-rosental\/wp-content\/uploads\/sites\/8\/2025\/08\/rosental_mariahimmelfahrt_2025-08-15_05-225x300.jpg 225w, https:\/\/www.osfs.eu\/salesianum-rosental\/wp-content\/uploads\/sites\/8\/2025\/08\/rosental_mariahimmelfahrt_2025-08-15_05-1152x1536.jpg 1152w, https:\/\/www.osfs.eu\/salesianum-rosental\/wp-content\/uploads\/sites\/8\/2025\/08\/rosental_mariahimmelfahrt_2025-08-15_05.jpg 1536w\" sizes=\"(max-width: 768px) 100vw, 768px\" \/><\/a><\/figure>\n\n\n\n<figure class=\"wp-block-image size-large\"><a href=\"https:\/\/www.osfs.eu\/salesianum-rosental\/wp-content\/uploads\/sites\/8\/2025\/08\/rosental_mariahimmelfahrt_2025-08-15_06.jpg\"><img loading=\"lazy\" decoding=\"async\" width=\"768\" height=\"1024\" data-id=\"2177\" src=\"https:\/\/www.osfs.eu\/salesianum-rosental\/wp-content\/uploads\/sites\/8\/2025\/08\/rosental_mariahimmelfahrt_2025-08-15_06-768x1024.jpg\" alt=\"\" class=\"wp-image-2177\" srcset=\"https:\/\/www.osfs.eu\/salesianum-rosental\/wp-content\/uploads\/sites\/8\/2025\/08\/rosental_mariahimmelfahrt_2025-08-15_06-768x1024.jpg 768w, https:\/\/www.osfs.eu\/salesianum-rosental\/wp-content\/uploads\/sites\/8\/2025\/08\/rosental_mariahimmelfahrt_2025-08-15_06-225x300.jpg 225w, https:\/\/www.osfs.eu\/salesianum-rosental\/wp-content\/uploads\/sites\/8\/2025\/08\/rosental_mariahimmelfahrt_2025-08-15_06-1152x1536.jpg 1152w, https:\/\/www.osfs.eu\/salesianum-rosental\/wp-content\/uploads\/sites\/8\/2025\/08\/rosental_mariahimmelfahrt_2025-08-15_06.jpg 1536w\" sizes=\"(max-width: 768px) 100vw, 768px\" \/><\/a><\/figure>\n\n\n\n<figure class=\"wp-block-image size-large\"><a href=\"https:\/\/www.osfs.eu\/salesianum-rosental\/wp-content\/uploads\/sites\/8\/2025\/08\/rosental_mariahimmelfahrt_2025-08-15_07.jpg\"><img loading=\"lazy\" decoding=\"async\" width=\"768\" height=\"1024\" data-id=\"2172\" src=\"https:\/\/www.osfs.eu\/salesianum-rosental\/wp-content\/uploads\/sites\/8\/2025\/08\/rosental_mariahimmelfahrt_2025-08-15_07-768x1024.jpg\" alt=\"\" class=\"wp-image-2172\" srcset=\"https:\/\/www.osfs.eu\/salesianum-rosental\/wp-content\/uploads\/sites\/8\/2025\/08\/rosental_mariahimmelfahrt_2025-08-15_07-768x1024.jpg 768w, https:\/\/www.osfs.eu\/salesianum-rosental\/wp-content\/uploads\/sites\/8\/2025\/08\/rosental_mariahimmelfahrt_2025-08-15_07-225x300.jpg 225w, https:\/\/www.osfs.eu\/salesianum-rosental\/wp-content\/uploads\/sites\/8\/2025\/08\/rosental_mariahimmelfahrt_2025-08-15_07-1152x1536.jpg 1152w, https:\/\/www.osfs.eu\/salesianum-rosental\/wp-content\/uploads\/sites\/8\/2025\/08\/rosental_mariahimmelfahrt_2025-08-15_07.jpg 1536w\" sizes=\"(max-width: 768px) 100vw, 768px\" \/><\/a><\/figure>\n\n\n\n<figure class=\"wp-block-image size-large\"><a href=\"https:\/\/www.osfs.eu\/salesianum-rosental\/wp-content\/uploads\/sites\/8\/2025\/08\/rosental_mariahimmelfahrt_2025-08-15_08.jpg\"><img loading=\"lazy\" decoding=\"async\" width=\"1024\" height=\"768\" data-id=\"2179\" src=\"https:\/\/www.osfs.eu\/salesianum-rosental\/wp-content\/uploads\/sites\/8\/2025\/08\/rosental_mariahimmelfahrt_2025-08-15_08-1024x768.jpg\" alt=\"\" class=\"wp-image-2179\" srcset=\"https:\/\/www.osfs.eu\/salesianum-rosental\/wp-content\/uploads\/sites\/8\/2025\/08\/rosental_mariahimmelfahrt_2025-08-15_08-1024x768.jpg 1024w, https:\/\/www.osfs.eu\/salesianum-rosental\/wp-content\/uploads\/sites\/8\/2025\/08\/rosental_mariahimmelfahrt_2025-08-15_08-300x225.jpg 300w, https:\/\/www.osfs.eu\/salesianum-rosental\/wp-content\/uploads\/sites\/8\/2025\/08\/rosental_mariahimmelfahrt_2025-08-15_08-768x576.jpg 768w, https:\/\/www.osfs.eu\/salesianum-rosental\/wp-content\/uploads\/sites\/8\/2025\/08\/rosental_mariahimmelfahrt_2025-08-15_08-1536x1152.jpg 1536w, https:\/\/www.osfs.eu\/salesianum-rosental\/wp-content\/uploads\/sites\/8\/2025\/08\/rosental_mariahimmelfahrt_2025-08-15_08.jpg 2048w\" sizes=\"(max-width: 1024px) 100vw, 1024px\" \/><\/a><\/figure>\n\n\n\n<figure class=\"wp-block-image size-large\"><a href=\"https:\/\/www.osfs.eu\/salesianum-rosental\/wp-content\/uploads\/sites\/8\/2025\/08\/rosental_mariahimmelfahrt_2025-08-15_09.jpg\"><img loading=\"lazy\" decoding=\"async\" width=\"768\" height=\"1024\" data-id=\"2178\" src=\"https:\/\/www.osfs.eu\/salesianum-rosental\/wp-content\/uploads\/sites\/8\/2025\/08\/rosental_mariahimmelfahrt_2025-08-15_09-768x1024.jpg\" alt=\"\" class=\"wp-image-2178\" srcset=\"https:\/\/www.osfs.eu\/salesianum-rosental\/wp-content\/uploads\/sites\/8\/2025\/08\/rosental_mariahimmelfahrt_2025-08-15_09-768x1024.jpg 768w, https:\/\/www.osfs.eu\/salesianum-rosental\/wp-content\/uploads\/sites\/8\/2025\/08\/rosental_mariahimmelfahrt_2025-08-15_09-225x300.jpg 225w, https:\/\/www.osfs.eu\/salesianum-rosental\/wp-content\/uploads\/sites\/8\/2025\/08\/rosental_mariahimmelfahrt_2025-08-15_09-1152x1536.jpg 1152w, https:\/\/www.osfs.eu\/salesianum-rosental\/wp-content\/uploads\/sites\/8\/2025\/08\/rosental_mariahimmelfahrt_2025-08-15_09.jpg 1536w\" sizes=\"(max-width: 768px) 100vw, 768px\" \/><\/a><\/figure>\n\n\n\n<figure class=\"wp-block-image size-large\"><a href=\"https:\/\/www.osfs.eu\/salesianum-rosental\/wp-content\/uploads\/sites\/8\/2025\/08\/rosental_mariahimmelfahrt_2025-08-15_10.jpg\"><img loading=\"lazy\" decoding=\"async\" width=\"768\" height=\"1024\" data-id=\"2182\" src=\"https:\/\/www.osfs.eu\/salesianum-rosental\/wp-content\/uploads\/sites\/8\/2025\/08\/rosental_mariahimmelfahrt_2025-08-15_10-768x1024.jpg\" alt=\"\" class=\"wp-image-2182\" srcset=\"https:\/\/www.osfs.eu\/salesianum-rosental\/wp-content\/uploads\/sites\/8\/2025\/08\/rosental_mariahimmelfahrt_2025-08-15_10-768x1024.jpg 768w, https:\/\/www.osfs.eu\/salesianum-rosental\/wp-content\/uploads\/sites\/8\/2025\/08\/rosental_mariahimmelfahrt_2025-08-15_10-225x300.jpg 225w, https:\/\/www.osfs.eu\/salesianum-rosental\/wp-content\/uploads\/sites\/8\/2025\/08\/rosental_mariahimmelfahrt_2025-08-15_10-1152x1536.jpg 1152w, https:\/\/www.osfs.eu\/salesianum-rosental\/wp-content\/uploads\/sites\/8\/2025\/08\/rosental_mariahimmelfahrt_2025-08-15_10.jpg 1536w\" sizes=\"(max-width: 768px) 100vw, 768px\" \/><\/a><\/figure>\n\n\n\n<figure class=\"wp-block-image size-large\"><a href=\"https:\/\/www.osfs.eu\/salesianum-rosental\/wp-content\/uploads\/sites\/8\/2025\/08\/rosental_mariahimmelfahrt_2025-08-15_11.jpg\"><img loading=\"lazy\" decoding=\"async\" width=\"768\" height=\"1024\" data-id=\"2181\" src=\"https:\/\/www.osfs.eu\/salesianum-rosental\/wp-content\/uploads\/sites\/8\/2025\/08\/rosental_mariahimmelfahrt_2025-08-15_11-768x1024.jpg\" alt=\"\" class=\"wp-image-2181\" srcset=\"https:\/\/www.osfs.eu\/salesianum-rosental\/wp-content\/uploads\/sites\/8\/2025\/08\/rosental_mariahimmelfahrt_2025-08-15_11-768x1024.jpg 768w, https:\/\/www.osfs.eu\/salesianum-rosental\/wp-content\/uploads\/sites\/8\/2025\/08\/rosental_mariahimmelfahrt_2025-08-15_11-225x300.jpg 225w, https:\/\/www.osfs.eu\/salesianum-rosental\/wp-content\/uploads\/sites\/8\/2025\/08\/rosental_mariahimmelfahrt_2025-08-15_11-1152x1536.jpg 1152w, https:\/\/www.osfs.eu\/salesianum-rosental\/wp-content\/uploads\/sites\/8\/2025\/08\/rosental_mariahimmelfahrt_2025-08-15_11.jpg 1536w\" sizes=\"(max-width: 768px) 100vw, 768px\" \/><\/a><\/figure>\n\n\n\n<figure class=\"wp-block-image size-large\"><a href=\"https:\/\/www.osfs.eu\/salesianum-rosental\/wp-content\/uploads\/sites\/8\/2025\/08\/rosental_mariahimmelfahrt_2025-08-15_12.jpg\"><img loading=\"lazy\" decoding=\"async\" width=\"768\" height=\"1024\" data-id=\"2180\" src=\"https:\/\/www.osfs.eu\/salesianum-rosental\/wp-content\/uploads\/sites\/8\/2025\/08\/rosental_mariahimmelfahrt_2025-08-15_12-768x1024.jpg\" alt=\"\" class=\"wp-image-2180\" srcset=\"https:\/\/www.osfs.eu\/salesianum-rosental\/wp-content\/uploads\/sites\/8\/2025\/08\/rosental_mariahimmelfahrt_2025-08-15_12-768x1024.jpg 768w, https:\/\/www.osfs.eu\/salesianum-rosental\/wp-content\/uploads\/sites\/8\/2025\/08\/rosental_mariahimmelfahrt_2025-08-15_12-225x300.jpg 225w, https:\/\/www.osfs.eu\/salesianum-rosental\/wp-content\/uploads\/sites\/8\/2025\/08\/rosental_mariahimmelfahrt_2025-08-15_12-1152x1536.jpg 1152w, https:\/\/www.osfs.eu\/salesianum-rosental\/wp-content\/uploads\/sites\/8\/2025\/08\/rosental_mariahimmelfahrt_2025-08-15_12.jpg 1536w\" sizes=\"(max-width: 768px) 100vw, 768px\" \/><\/a><\/figure>\n<\/figure>\n","protected":false},"excerpt":{"rendered":"<p>Am Fest Maria Himmelfahrt, 15. August, ist es Tradition, Kr\u00e4uter zu segnen und an die Menschen zu verteilen. Gerade um diese Zeit entfalten n\u00e4mlich viele Kr\u00e4uter ihre heilsame Kraft am intensivsten.<\/p>\n","protected":false},"author":4,"featured_media":2179,"comment_status":"closed","ping_status":"open","sticky":false,"template":"","format":"standard","meta":{"_acf_changed":false,"footnotes":""},"categories":[1],"tags":[],"class_list":["post-2170","post","type-post","status-publish","format-standard","has-post-thumbnail","hentry","category-allgemein"],"acf":[],"publishpress_future_workflow_manual_trigger":{"enabledWorkflows":[]},"_links":{"self":[{"href":"https:\/\/www.osfs.eu\/salesianum-rosental\/wp-json\/wp\/v2\/posts\/2170","targetHints":{"allow":["GET"]}}],"collection":[{"href":"https:\/\/www.osfs.eu\/salesianum-rosental\/wp-json\/wp\/v2\/posts"}],"about":[{"href":"https:\/\/www.osfs.eu\/salesianum-rosental\/wp-json\/wp\/v2\/types\/post"}],"author":[{"embeddable":true,"href":"https:\/\/www.osfs.eu\/salesianum-rosental\/wp-json\/wp\/v2\/users\/4"}],"replies":[{"embeddable":true,"href":"https:\/\/www.osfs.eu\/salesianum-rosental\/wp-json\/wp\/v2\/comments?post=2170"}],"version-history":[{"count":1,"href":"https:\/\/www.osfs.eu\/salesianum-rosental\/wp-json\/wp\/v2\/posts\/2170\/revisions"}],"predecessor-version":[{"id":2183,"href":"https:\/\/www.osfs.eu\/salesianum-rosental\/wp-json\/wp\/v2\/posts\/2170\/revisions\/2183"}],"wp:featuredmedia":[{"embeddable":true,"href":"https:\/\/www.osfs.eu\/salesianum-rosental\/wp-json\/wp\/v2\/media\/2179"}],"wp:attachment":[{"href":"https:\/\/www.osfs.eu\/salesianum-rosental\/wp-json\/wp\/v2\/media?parent=2170"}],"wp:term":[{"taxonomy":"category","embeddable":true,"href":"https:\/\/www.osfs.eu\/salesianum-rosental\/wp-json\/wp\/v2\/categories?post=2170"},{"taxonomy":"post_tag","embeddable":true,"href":"https:\/\/www.osfs.eu\/salesianum-rosental\/wp-json\/wp\/v2\/tags?post=2170"}],"curies":[{"name":"wp","href":"https:\/\/api.w.org\/{rel}","templated":true}]}}