{"id":213,"date":"2023-01-29T13:54:17","date_gmt":"2023-01-29T12:54:17","guid":{"rendered":"https:\/\/www.osfs.eu\/salesianum-rosental\/?p=213"},"modified":"2023-05-17T11:14:16","modified_gmt":"2023-05-17T09:14:16","slug":"schaefflertanz-im-rosental","status":"publish","type":"post","link":"https:\/\/www.osfs.eu\/salesianum-rosental\/schaefflertanz-im-rosental\/","title":{"rendered":"Sch\u00e4fflertanz im Rosental"},"content":{"rendered":"\n<p>Am\u00a0<strong>Sonntag, 29. Januar 2023<\/strong>\u00a0kamen die Eichst\u00e4tter Sch\u00e4fflert\u00e4nzer ins Rosental und verbreiteten ausgelassene Stimmung. Eigentlich w\u00e4re der alle sieben Jahre stattfindende Tanz bereits 2022 dran gewesen, aber da machte ihnen Corona einen Strich durch die Rechnung. Umso ausgelassener wurde nun gefeiert.<br><strong>Fotos<\/strong>\u00a0vom Sch\u00e4fflertanz im Rosental findet man\u00a0<a href=\"http:\/\/www.franz-sales-verlag.de\/salesianum\/images\/Schaefflertanz_29-01-2023\/\" target=\"_blank\" rel=\"noreferrer noopener\">hier<\/a><\/p>\n","protected":false},"excerpt":{"rendered":"<p>Am\u00a0Sonntag, 29. Januar 2023\u00a0kamen die Eichst\u00e4tter Sch\u00e4fflert\u00e4nzer ins Rosental und verbreiteten ausgelassene Stimmung. Eigentlich w\u00e4re der alle sieben Jahre stattfindende Tanz bereits 2022 dran gewesen, aber da machte ihnen Corona einen Strich durch die Rechnung. Umso ausgelassener wurde nun gefeiert.Fotos\u00a0vom Sch\u00e4fflertanz im Rosental findet man\u00a0hier<\/p>\n","protected":false},"author":4,"featured_media":214,"comment_status":"closed","ping_status":"open","sticky":false,"template":"","format":"standard","meta":{"_acf_changed":false,"footnotes":""},"categories":[1],"tags":[],"class_list":["post-213","post","type-post","status-publish","format-standard","has-post-thumbnail","hentry","category-allgemein"],"acf":[],"publishpress_future_workflow_manual_trigger":{"enabledWorkflows":[]},"_links":{"self":[{"href":"https:\/\/www.osfs.eu\/salesianum-rosental\/wp-json\/wp\/v2\/posts\/213","targetHints":{"allow":["GET"]}}],"collection":[{"href":"https:\/\/www.osfs.eu\/salesianum-rosental\/wp-json\/wp\/v2\/posts"}],"about":[{"href":"https:\/\/www.osfs.eu\/salesianum-rosental\/wp-json\/wp\/v2\/types\/post"}],"author":[{"embeddable":true,"href":"https:\/\/www.osfs.eu\/salesianum-rosental\/wp-json\/wp\/v2\/users\/4"}],"replies":[{"embeddable":true,"href":"https:\/\/www.osfs.eu\/salesianum-rosental\/wp-json\/wp\/v2\/comments?post=213"}],"version-history":[{"count":2,"href":"https:\/\/www.osfs.eu\/salesianum-rosental\/wp-json\/wp\/v2\/posts\/213\/revisions"}],"predecessor-version":[{"id":769,"href":"https:\/\/www.osfs.eu\/salesianum-rosental\/wp-json\/wp\/v2\/posts\/213\/revisions\/769"}],"wp:featuredmedia":[{"embeddable":true,"href":"https:\/\/www.osfs.eu\/salesianum-rosental\/wp-json\/wp\/v2\/media\/214"}],"wp:attachment":[{"href":"https:\/\/www.osfs.eu\/salesianum-rosental\/wp-json\/wp\/v2\/media?parent=213"}],"wp:term":[{"taxonomy":"category","embeddable":true,"href":"https:\/\/www.osfs.eu\/salesianum-rosental\/wp-json\/wp\/v2\/categories?post=213"},{"taxonomy":"post_tag","embeddable":true,"href":"https:\/\/www.osfs.eu\/salesianum-rosental\/wp-json\/wp\/v2\/tags?post=213"}],"curies":[{"name":"wp","href":"https:\/\/api.w.org\/{rel}","templated":true}]}}