{"id":2030,"date":"2025-04-06T22:09:43","date_gmt":"2025-04-06T20:09:43","guid":{"rendered":"https:\/\/www.osfs.eu\/salesianum-rosental\/?p=2030"},"modified":"2025-04-06T22:10:39","modified_gmt":"2025-04-06T20:10:39","slug":"heilige-messe-mit-blaesergruppe","status":"publish","type":"post","link":"https:\/\/www.osfs.eu\/salesianum-rosental\/heilige-messe-mit-blaesergruppe\/","title":{"rendered":"Heilige Messe mit Bl\u00e4sergruppe"},"content":{"rendered":"\n<p>Am 5. Fastensonntag, 6. April 2025, wurde die Heilige Messe von einer Bl\u00e4sergruppe der Stadtkapelle Eichst\u00e4tt musikalisch gestaltet. Au\u00dferdem fand auch eine Kinderkirche statt, die beim Vaterunser zur Gottesdienstgemeinde dazukam. Zelebrant war Pater Josef Prinz OSFS, der das kleine Bl\u00e4serkonzert im Anschluss an die Heilige Messe sichtlich genoss.<\/p>\n\n\n\n<p>Fotos: Claudia Stock<\/p>\n\n\n\n<figure class=\"wp-block-gallery has-nested-images columns-default is-cropped wp-block-gallery-1 is-layout-flex wp-block-gallery-is-layout-flex\">\n<figure class=\"wp-block-image size-large\"><a href=\"https:\/\/www.osfs.eu\/salesianum-rosental\/wp-content\/uploads\/sites\/8\/2025\/04\/rosental_fuenfterfastensonntag-mitblaesergruppe_2025-04-06.jpg\"><img fetchpriority=\"high\" decoding=\"async\" width=\"1024\" height=\"576\" data-id=\"2035\" src=\"https:\/\/www.osfs.eu\/salesianum-rosental\/wp-content\/uploads\/sites\/8\/2025\/04\/rosental_fuenfterfastensonntag-mitblaesergruppe_2025-04-06-1024x576.jpg\" alt=\"\" class=\"wp-image-2035\" srcset=\"https:\/\/www.osfs.eu\/salesianum-rosental\/wp-content\/uploads\/sites\/8\/2025\/04\/rosental_fuenfterfastensonntag-mitblaesergruppe_2025-04-06-1024x576.jpg 1024w, https:\/\/www.osfs.eu\/salesianum-rosental\/wp-content\/uploads\/sites\/8\/2025\/04\/rosental_fuenfterfastensonntag-mitblaesergruppe_2025-04-06-300x169.jpg 300w, https:\/\/www.osfs.eu\/salesianum-rosental\/wp-content\/uploads\/sites\/8\/2025\/04\/rosental_fuenfterfastensonntag-mitblaesergruppe_2025-04-06-768x432.jpg 768w, https:\/\/www.osfs.eu\/salesianum-rosental\/wp-content\/uploads\/sites\/8\/2025\/04\/rosental_fuenfterfastensonntag-mitblaesergruppe_2025-04-06-1536x864.jpg 1536w, https:\/\/www.osfs.eu\/salesianum-rosental\/wp-content\/uploads\/sites\/8\/2025\/04\/rosental_fuenfterfastensonntag-mitblaesergruppe_2025-04-06.jpg 1600w\" sizes=\"(max-width: 1024px) 100vw, 1024px\" \/><\/a><\/figure>\n\n\n\n<figure class=\"wp-block-image size-large\"><a href=\"https:\/\/www.osfs.eu\/salesianum-rosental\/wp-content\/uploads\/sites\/8\/2025\/04\/rosental_fuenfterfastensonntag-mitblaesergruppe_2025-04-06_03.jpg\"><img decoding=\"async\" width=\"1024\" height=\"576\" data-id=\"2033\" src=\"https:\/\/www.osfs.eu\/salesianum-rosental\/wp-content\/uploads\/sites\/8\/2025\/04\/rosental_fuenfterfastensonntag-mitblaesergruppe_2025-04-06_03-1024x576.jpg\" alt=\"\" class=\"wp-image-2033\" srcset=\"https:\/\/www.osfs.eu\/salesianum-rosental\/wp-content\/uploads\/sites\/8\/2025\/04\/rosental_fuenfterfastensonntag-mitblaesergruppe_2025-04-06_03-1024x576.jpg 1024w, https:\/\/www.osfs.eu\/salesianum-rosental\/wp-content\/uploads\/sites\/8\/2025\/04\/rosental_fuenfterfastensonntag-mitblaesergruppe_2025-04-06_03-300x169.jpg 300w, https:\/\/www.osfs.eu\/salesianum-rosental\/wp-content\/uploads\/sites\/8\/2025\/04\/rosental_fuenfterfastensonntag-mitblaesergruppe_2025-04-06_03-768x432.jpg 768w, https:\/\/www.osfs.eu\/salesianum-rosental\/wp-content\/uploads\/sites\/8\/2025\/04\/rosental_fuenfterfastensonntag-mitblaesergruppe_2025-04-06_03-1536x864.jpg 1536w, https:\/\/www.osfs.eu\/salesianum-rosental\/wp-content\/uploads\/sites\/8\/2025\/04\/rosental_fuenfterfastensonntag-mitblaesergruppe_2025-04-06_03.jpg 1600w\" sizes=\"(max-width: 1024px) 100vw, 1024px\" \/><\/a><\/figure>\n\n\n\n<figure class=\"wp-block-image size-large\"><a href=\"https:\/\/www.osfs.eu\/salesianum-rosental\/wp-content\/uploads\/sites\/8\/2025\/04\/rosental_fuenfterfastensonntag-mitblaesergruppe_2025-04-06_04.jpg\"><img decoding=\"async\" width=\"1024\" height=\"576\" data-id=\"2032\" src=\"https:\/\/www.osfs.eu\/salesianum-rosental\/wp-content\/uploads\/sites\/8\/2025\/04\/rosental_fuenfterfastensonntag-mitblaesergruppe_2025-04-06_04-1024x576.jpg\" alt=\"\" class=\"wp-image-2032\" srcset=\"https:\/\/www.osfs.eu\/salesianum-rosental\/wp-content\/uploads\/sites\/8\/2025\/04\/rosental_fuenfterfastensonntag-mitblaesergruppe_2025-04-06_04-1024x576.jpg 1024w, https:\/\/www.osfs.eu\/salesianum-rosental\/wp-content\/uploads\/sites\/8\/2025\/04\/rosental_fuenfterfastensonntag-mitblaesergruppe_2025-04-06_04-300x169.jpg 300w, https:\/\/www.osfs.eu\/salesianum-rosental\/wp-content\/uploads\/sites\/8\/2025\/04\/rosental_fuenfterfastensonntag-mitblaesergruppe_2025-04-06_04-768x432.jpg 768w, https:\/\/www.osfs.eu\/salesianum-rosental\/wp-content\/uploads\/sites\/8\/2025\/04\/rosental_fuenfterfastensonntag-mitblaesergruppe_2025-04-06_04-1536x864.jpg 1536w, https:\/\/www.osfs.eu\/salesianum-rosental\/wp-content\/uploads\/sites\/8\/2025\/04\/rosental_fuenfterfastensonntag-mitblaesergruppe_2025-04-06_04.jpg 1600w\" sizes=\"(max-width: 1024px) 100vw, 1024px\" \/><\/a><\/figure>\n\n\n\n<figure class=\"wp-block-image size-large\"><a href=\"https:\/\/www.osfs.eu\/salesianum-rosental\/wp-content\/uploads\/sites\/8\/2025\/04\/rosental_fuenfterfastensonntag-mitblaesergruppe_2025-04-06_05.jpg\"><img loading=\"lazy\" decoding=\"async\" width=\"1024\" height=\"576\" data-id=\"2031\" src=\"https:\/\/www.osfs.eu\/salesianum-rosental\/wp-content\/uploads\/sites\/8\/2025\/04\/rosental_fuenfterfastensonntag-mitblaesergruppe_2025-04-06_05-1024x576.jpg\" alt=\"\" class=\"wp-image-2031\" srcset=\"https:\/\/www.osfs.eu\/salesianum-rosental\/wp-content\/uploads\/sites\/8\/2025\/04\/rosental_fuenfterfastensonntag-mitblaesergruppe_2025-04-06_05-1024x576.jpg 1024w, https:\/\/www.osfs.eu\/salesianum-rosental\/wp-content\/uploads\/sites\/8\/2025\/04\/rosental_fuenfterfastensonntag-mitblaesergruppe_2025-04-06_05-300x169.jpg 300w, https:\/\/www.osfs.eu\/salesianum-rosental\/wp-content\/uploads\/sites\/8\/2025\/04\/rosental_fuenfterfastensonntag-mitblaesergruppe_2025-04-06_05-768x432.jpg 768w, https:\/\/www.osfs.eu\/salesianum-rosental\/wp-content\/uploads\/sites\/8\/2025\/04\/rosental_fuenfterfastensonntag-mitblaesergruppe_2025-04-06_05-1536x864.jpg 1536w, https:\/\/www.osfs.eu\/salesianum-rosental\/wp-content\/uploads\/sites\/8\/2025\/04\/rosental_fuenfterfastensonntag-mitblaesergruppe_2025-04-06_05.jpg 1600w\" sizes=\"(max-width: 1024px) 100vw, 1024px\" \/><\/a><\/figure>\n\n\n\n<figure class=\"wp-block-image size-large\"><a href=\"https:\/\/www.osfs.eu\/salesianum-rosental\/wp-content\/uploads\/sites\/8\/2025\/04\/rosental_fuenfterfastensonntag-mitblaesergruppe_2025-04-06_07.jpg\"><img loading=\"lazy\" decoding=\"async\" width=\"1024\" height=\"576\" data-id=\"2039\" src=\"https:\/\/www.osfs.eu\/salesianum-rosental\/wp-content\/uploads\/sites\/8\/2025\/04\/rosental_fuenfterfastensonntag-mitblaesergruppe_2025-04-06_07-1024x576.jpg\" alt=\"\" class=\"wp-image-2039\" srcset=\"https:\/\/www.osfs.eu\/salesianum-rosental\/wp-content\/uploads\/sites\/8\/2025\/04\/rosental_fuenfterfastensonntag-mitblaesergruppe_2025-04-06_07-1024x576.jpg 1024w, https:\/\/www.osfs.eu\/salesianum-rosental\/wp-content\/uploads\/sites\/8\/2025\/04\/rosental_fuenfterfastensonntag-mitblaesergruppe_2025-04-06_07-300x169.jpg 300w, https:\/\/www.osfs.eu\/salesianum-rosental\/wp-content\/uploads\/sites\/8\/2025\/04\/rosental_fuenfterfastensonntag-mitblaesergruppe_2025-04-06_07-768x432.jpg 768w, https:\/\/www.osfs.eu\/salesianum-rosental\/wp-content\/uploads\/sites\/8\/2025\/04\/rosental_fuenfterfastensonntag-mitblaesergruppe_2025-04-06_07-1536x864.jpg 1536w, https:\/\/www.osfs.eu\/salesianum-rosental\/wp-content\/uploads\/sites\/8\/2025\/04\/rosental_fuenfterfastensonntag-mitblaesergruppe_2025-04-06_07.jpg 1600w\" sizes=\"(max-width: 1024px) 100vw, 1024px\" \/><\/a><\/figure>\n\n\n\n<figure class=\"wp-block-image size-large\"><a href=\"https:\/\/www.osfs.eu\/salesianum-rosental\/wp-content\/uploads\/sites\/8\/2025\/04\/rosental_fuenfterfastensonntag-mitblaesergruppe_2025-04-06_08.jpg\"><img loading=\"lazy\" decoding=\"async\" width=\"1024\" height=\"576\" data-id=\"2040\" src=\"https:\/\/www.osfs.eu\/salesianum-rosental\/wp-content\/uploads\/sites\/8\/2025\/04\/rosental_fuenfterfastensonntag-mitblaesergruppe_2025-04-06_08-1024x576.jpg\" alt=\"\" class=\"wp-image-2040\" srcset=\"https:\/\/www.osfs.eu\/salesianum-rosental\/wp-content\/uploads\/sites\/8\/2025\/04\/rosental_fuenfterfastensonntag-mitblaesergruppe_2025-04-06_08-1024x576.jpg 1024w, https:\/\/www.osfs.eu\/salesianum-rosental\/wp-content\/uploads\/sites\/8\/2025\/04\/rosental_fuenfterfastensonntag-mitblaesergruppe_2025-04-06_08-300x169.jpg 300w, https:\/\/www.osfs.eu\/salesianum-rosental\/wp-content\/uploads\/sites\/8\/2025\/04\/rosental_fuenfterfastensonntag-mitblaesergruppe_2025-04-06_08-768x432.jpg 768w, https:\/\/www.osfs.eu\/salesianum-rosental\/wp-content\/uploads\/sites\/8\/2025\/04\/rosental_fuenfterfastensonntag-mitblaesergruppe_2025-04-06_08-1536x864.jpg 1536w, https:\/\/www.osfs.eu\/salesianum-rosental\/wp-content\/uploads\/sites\/8\/2025\/04\/rosental_fuenfterfastensonntag-mitblaesergruppe_2025-04-06_08.jpg 1600w\" sizes=\"(max-width: 1024px) 100vw, 1024px\" \/><\/a><\/figure>\n\n\n\n<figure class=\"wp-block-image size-large\"><a href=\"https:\/\/www.osfs.eu\/salesianum-rosental\/wp-content\/uploads\/sites\/8\/2025\/04\/rosental_fuenfterfastensonntag-mitblaesergruppe_2025-04-06_12.jpg\"><img loading=\"lazy\" decoding=\"async\" width=\"1024\" height=\"576\" data-id=\"2044\" src=\"https:\/\/www.osfs.eu\/salesianum-rosental\/wp-content\/uploads\/sites\/8\/2025\/04\/rosental_fuenfterfastensonntag-mitblaesergruppe_2025-04-06_12-1024x576.jpg\" alt=\"\" class=\"wp-image-2044\" srcset=\"https:\/\/www.osfs.eu\/salesianum-rosental\/wp-content\/uploads\/sites\/8\/2025\/04\/rosental_fuenfterfastensonntag-mitblaesergruppe_2025-04-06_12-1024x576.jpg 1024w, https:\/\/www.osfs.eu\/salesianum-rosental\/wp-content\/uploads\/sites\/8\/2025\/04\/rosental_fuenfterfastensonntag-mitblaesergruppe_2025-04-06_12-300x169.jpg 300w, https:\/\/www.osfs.eu\/salesianum-rosental\/wp-content\/uploads\/sites\/8\/2025\/04\/rosental_fuenfterfastensonntag-mitblaesergruppe_2025-04-06_12-768x432.jpg 768w, https:\/\/www.osfs.eu\/salesianum-rosental\/wp-content\/uploads\/sites\/8\/2025\/04\/rosental_fuenfterfastensonntag-mitblaesergruppe_2025-04-06_12-1536x864.jpg 1536w, https:\/\/www.osfs.eu\/salesianum-rosental\/wp-content\/uploads\/sites\/8\/2025\/04\/rosental_fuenfterfastensonntag-mitblaesergruppe_2025-04-06_12.jpg 1600w\" sizes=\"(max-width: 1024px) 100vw, 1024px\" \/><\/a><\/figure>\n\n\n\n<figure class=\"wp-block-image size-large\"><a href=\"https:\/\/www.osfs.eu\/salesianum-rosental\/wp-content\/uploads\/sites\/8\/2025\/04\/rosental_fuenfterfastensonntag-mitblaesergruppe_2025-04-06_15.jpg\"><img loading=\"lazy\" decoding=\"async\" width=\"1024\" height=\"576\" data-id=\"2034\" src=\"https:\/\/www.osfs.eu\/salesianum-rosental\/wp-content\/uploads\/sites\/8\/2025\/04\/rosental_fuenfterfastensonntag-mitblaesergruppe_2025-04-06_15-1024x576.jpg\" alt=\"\" class=\"wp-image-2034\" srcset=\"https:\/\/www.osfs.eu\/salesianum-rosental\/wp-content\/uploads\/sites\/8\/2025\/04\/rosental_fuenfterfastensonntag-mitblaesergruppe_2025-04-06_15-1024x576.jpg 1024w, https:\/\/www.osfs.eu\/salesianum-rosental\/wp-content\/uploads\/sites\/8\/2025\/04\/rosental_fuenfterfastensonntag-mitblaesergruppe_2025-04-06_15-300x169.jpg 300w, https:\/\/www.osfs.eu\/salesianum-rosental\/wp-content\/uploads\/sites\/8\/2025\/04\/rosental_fuenfterfastensonntag-mitblaesergruppe_2025-04-06_15-768x432.jpg 768w, https:\/\/www.osfs.eu\/salesianum-rosental\/wp-content\/uploads\/sites\/8\/2025\/04\/rosental_fuenfterfastensonntag-mitblaesergruppe_2025-04-06_15-1536x864.jpg 1536w, https:\/\/www.osfs.eu\/salesianum-rosental\/wp-content\/uploads\/sites\/8\/2025\/04\/rosental_fuenfterfastensonntag-mitblaesergruppe_2025-04-06_15.jpg 1600w\" sizes=\"(max-width: 1024px) 100vw, 1024px\" \/><\/a><\/figure>\n\n\n\n<figure class=\"wp-block-image size-large\"><a href=\"https:\/\/www.osfs.eu\/salesianum-rosental\/wp-content\/uploads\/sites\/8\/2025\/04\/rosental_fuenfterfastensonntag-mitblaesergruppe_2025-04-06_16.jpg\"><img loading=\"lazy\" decoding=\"async\" width=\"1024\" height=\"576\" data-id=\"2041\" src=\"https:\/\/www.osfs.eu\/salesianum-rosental\/wp-content\/uploads\/sites\/8\/2025\/04\/rosental_fuenfterfastensonntag-mitblaesergruppe_2025-04-06_16-1024x576.jpg\" alt=\"\" class=\"wp-image-2041\" srcset=\"https:\/\/www.osfs.eu\/salesianum-rosental\/wp-content\/uploads\/sites\/8\/2025\/04\/rosental_fuenfterfastensonntag-mitblaesergruppe_2025-04-06_16-1024x576.jpg 1024w, https:\/\/www.osfs.eu\/salesianum-rosental\/wp-content\/uploads\/sites\/8\/2025\/04\/rosental_fuenfterfastensonntag-mitblaesergruppe_2025-04-06_16-300x169.jpg 300w, https:\/\/www.osfs.eu\/salesianum-rosental\/wp-content\/uploads\/sites\/8\/2025\/04\/rosental_fuenfterfastensonntag-mitblaesergruppe_2025-04-06_16-768x432.jpg 768w, https:\/\/www.osfs.eu\/salesianum-rosental\/wp-content\/uploads\/sites\/8\/2025\/04\/rosental_fuenfterfastensonntag-mitblaesergruppe_2025-04-06_16-1536x864.jpg 1536w, https:\/\/www.osfs.eu\/salesianum-rosental\/wp-content\/uploads\/sites\/8\/2025\/04\/rosental_fuenfterfastensonntag-mitblaesergruppe_2025-04-06_16.jpg 1600w\" sizes=\"(max-width: 1024px) 100vw, 1024px\" \/><\/a><\/figure>\n\n\n\n<figure class=\"wp-block-image size-large\"><a href=\"https:\/\/www.osfs.eu\/salesianum-rosental\/wp-content\/uploads\/sites\/8\/2025\/04\/rosental_fuenfterfastensonntag-mitblaesergruppe_2025-04-06_19.jpg\"><img loading=\"lazy\" decoding=\"async\" width=\"1024\" height=\"576\" data-id=\"2036\" src=\"https:\/\/www.osfs.eu\/salesianum-rosental\/wp-content\/uploads\/sites\/8\/2025\/04\/rosental_fuenfterfastensonntag-mitblaesergruppe_2025-04-06_19-1024x576.jpg\" alt=\"\" class=\"wp-image-2036\" srcset=\"https:\/\/www.osfs.eu\/salesianum-rosental\/wp-content\/uploads\/sites\/8\/2025\/04\/rosental_fuenfterfastensonntag-mitblaesergruppe_2025-04-06_19-1024x576.jpg 1024w, https:\/\/www.osfs.eu\/salesianum-rosental\/wp-content\/uploads\/sites\/8\/2025\/04\/rosental_fuenfterfastensonntag-mitblaesergruppe_2025-04-06_19-300x169.jpg 300w, https:\/\/www.osfs.eu\/salesianum-rosental\/wp-content\/uploads\/sites\/8\/2025\/04\/rosental_fuenfterfastensonntag-mitblaesergruppe_2025-04-06_19-768x432.jpg 768w, https:\/\/www.osfs.eu\/salesianum-rosental\/wp-content\/uploads\/sites\/8\/2025\/04\/rosental_fuenfterfastensonntag-mitblaesergruppe_2025-04-06_19-1536x864.jpg 1536w, https:\/\/www.osfs.eu\/salesianum-rosental\/wp-content\/uploads\/sites\/8\/2025\/04\/rosental_fuenfterfastensonntag-mitblaesergruppe_2025-04-06_19.jpg 1600w\" sizes=\"(max-width: 1024px) 100vw, 1024px\" \/><\/a><\/figure>\n\n\n\n<figure class=\"wp-block-image size-large\"><a href=\"https:\/\/www.osfs.eu\/salesianum-rosental\/wp-content\/uploads\/sites\/8\/2025\/04\/rosental_fuenfterfastensonntag-mitblaesergruppe_2025-04-06_21.jpg\"><img loading=\"lazy\" decoding=\"async\" width=\"1024\" height=\"576\" data-id=\"2043\" src=\"https:\/\/www.osfs.eu\/salesianum-rosental\/wp-content\/uploads\/sites\/8\/2025\/04\/rosental_fuenfterfastensonntag-mitblaesergruppe_2025-04-06_21-1024x576.jpg\" alt=\"\" class=\"wp-image-2043\" srcset=\"https:\/\/www.osfs.eu\/salesianum-rosental\/wp-content\/uploads\/sites\/8\/2025\/04\/rosental_fuenfterfastensonntag-mitblaesergruppe_2025-04-06_21-1024x576.jpg 1024w, https:\/\/www.osfs.eu\/salesianum-rosental\/wp-content\/uploads\/sites\/8\/2025\/04\/rosental_fuenfterfastensonntag-mitblaesergruppe_2025-04-06_21-300x169.jpg 300w, https:\/\/www.osfs.eu\/salesianum-rosental\/wp-content\/uploads\/sites\/8\/2025\/04\/rosental_fuenfterfastensonntag-mitblaesergruppe_2025-04-06_21-768x432.jpg 768w, https:\/\/www.osfs.eu\/salesianum-rosental\/wp-content\/uploads\/sites\/8\/2025\/04\/rosental_fuenfterfastensonntag-mitblaesergruppe_2025-04-06_21-1536x864.jpg 1536w, https:\/\/www.osfs.eu\/salesianum-rosental\/wp-content\/uploads\/sites\/8\/2025\/04\/rosental_fuenfterfastensonntag-mitblaesergruppe_2025-04-06_21.jpg 1600w\" sizes=\"(max-width: 1024px) 100vw, 1024px\" \/><\/a><\/figure>\n\n\n\n<figure class=\"wp-block-image size-large\"><a href=\"https:\/\/www.osfs.eu\/salesianum-rosental\/wp-content\/uploads\/sites\/8\/2025\/04\/rosental_fuenfterfastensonntag-mitblaesergruppe_2025-04-06_22.jpg\"><img loading=\"lazy\" decoding=\"async\" width=\"1024\" height=\"576\" data-id=\"2042\" src=\"https:\/\/www.osfs.eu\/salesianum-rosental\/wp-content\/uploads\/sites\/8\/2025\/04\/rosental_fuenfterfastensonntag-mitblaesergruppe_2025-04-06_22-1024x576.jpg\" alt=\"\" class=\"wp-image-2042\" srcset=\"https:\/\/www.osfs.eu\/salesianum-rosental\/wp-content\/uploads\/sites\/8\/2025\/04\/rosental_fuenfterfastensonntag-mitblaesergruppe_2025-04-06_22-1024x576.jpg 1024w, https:\/\/www.osfs.eu\/salesianum-rosental\/wp-content\/uploads\/sites\/8\/2025\/04\/rosental_fuenfterfastensonntag-mitblaesergruppe_2025-04-06_22-300x169.jpg 300w, https:\/\/www.osfs.eu\/salesianum-rosental\/wp-content\/uploads\/sites\/8\/2025\/04\/rosental_fuenfterfastensonntag-mitblaesergruppe_2025-04-06_22-768x432.jpg 768w, https:\/\/www.osfs.eu\/salesianum-rosental\/wp-content\/uploads\/sites\/8\/2025\/04\/rosental_fuenfterfastensonntag-mitblaesergruppe_2025-04-06_22-1536x864.jpg 1536w, https:\/\/www.osfs.eu\/salesianum-rosental\/wp-content\/uploads\/sites\/8\/2025\/04\/rosental_fuenfterfastensonntag-mitblaesergruppe_2025-04-06_22.jpg 1600w\" sizes=\"(max-width: 1024px) 100vw, 1024px\" \/><\/a><\/figure>\n\n\n\n<figure class=\"wp-block-image size-large\"><a href=\"https:\/\/www.osfs.eu\/salesianum-rosental\/wp-content\/uploads\/sites\/8\/2025\/04\/rosental_fuenfterfastensonntag-mitblaesergruppe_2025-04-06_24.jpg\"><img loading=\"lazy\" decoding=\"async\" width=\"1024\" height=\"576\" data-id=\"2038\" src=\"https:\/\/www.osfs.eu\/salesianum-rosental\/wp-content\/uploads\/sites\/8\/2025\/04\/rosental_fuenfterfastensonntag-mitblaesergruppe_2025-04-06_24-1024x576.jpg\" alt=\"\" class=\"wp-image-2038\" srcset=\"https:\/\/www.osfs.eu\/salesianum-rosental\/wp-content\/uploads\/sites\/8\/2025\/04\/rosental_fuenfterfastensonntag-mitblaesergruppe_2025-04-06_24-1024x576.jpg 1024w, https:\/\/www.osfs.eu\/salesianum-rosental\/wp-content\/uploads\/sites\/8\/2025\/04\/rosental_fuenfterfastensonntag-mitblaesergruppe_2025-04-06_24-300x169.jpg 300w, https:\/\/www.osfs.eu\/salesianum-rosental\/wp-content\/uploads\/sites\/8\/2025\/04\/rosental_fuenfterfastensonntag-mitblaesergruppe_2025-04-06_24-768x432.jpg 768w, https:\/\/www.osfs.eu\/salesianum-rosental\/wp-content\/uploads\/sites\/8\/2025\/04\/rosental_fuenfterfastensonntag-mitblaesergruppe_2025-04-06_24-1536x864.jpg 1536w, https:\/\/www.osfs.eu\/salesianum-rosental\/wp-content\/uploads\/sites\/8\/2025\/04\/rosental_fuenfterfastensonntag-mitblaesergruppe_2025-04-06_24.jpg 1600w\" sizes=\"(max-width: 1024px) 100vw, 1024px\" \/><\/a><\/figure>\n\n\n\n<figure class=\"wp-block-image size-large\"><a href=\"https:\/\/www.osfs.eu\/salesianum-rosental\/wp-content\/uploads\/sites\/8\/2025\/04\/rosental_fuenfterfastensonntag-mitblaesergruppe_2025-04-06_25.jpg\"><img loading=\"lazy\" decoding=\"async\" width=\"1024\" height=\"576\" data-id=\"2037\" src=\"https:\/\/www.osfs.eu\/salesianum-rosental\/wp-content\/uploads\/sites\/8\/2025\/04\/rosental_fuenfterfastensonntag-mitblaesergruppe_2025-04-06_25-1024x576.jpg\" alt=\"\" class=\"wp-image-2037\" srcset=\"https:\/\/www.osfs.eu\/salesianum-rosental\/wp-content\/uploads\/sites\/8\/2025\/04\/rosental_fuenfterfastensonntag-mitblaesergruppe_2025-04-06_25-1024x576.jpg 1024w, https:\/\/www.osfs.eu\/salesianum-rosental\/wp-content\/uploads\/sites\/8\/2025\/04\/rosental_fuenfterfastensonntag-mitblaesergruppe_2025-04-06_25-300x169.jpg 300w, https:\/\/www.osfs.eu\/salesianum-rosental\/wp-content\/uploads\/sites\/8\/2025\/04\/rosental_fuenfterfastensonntag-mitblaesergruppe_2025-04-06_25-768x432.jpg 768w, https:\/\/www.osfs.eu\/salesianum-rosental\/wp-content\/uploads\/sites\/8\/2025\/04\/rosental_fuenfterfastensonntag-mitblaesergruppe_2025-04-06_25-1536x864.jpg 1536w, https:\/\/www.osfs.eu\/salesianum-rosental\/wp-content\/uploads\/sites\/8\/2025\/04\/rosental_fuenfterfastensonntag-mitblaesergruppe_2025-04-06_25.jpg 1600w\" sizes=\"(max-width: 1024px) 100vw, 1024px\" \/><\/a><\/figure>\n<\/figure>\n","protected":false},"excerpt":{"rendered":"<p>Am 5. Fastensonntag, 6. April 2025, wurde die Heilige Messe von einer Bl\u00e4sergruppe der Stadtkapelle Eichst\u00e4tt musikalisch gestaltet. <\/p>\n","protected":false},"author":4,"featured_media":2035,"comment_status":"closed","ping_status":"open","sticky":false,"template":"","format":"standard","meta":{"_acf_changed":false,"footnotes":""},"categories":[1],"tags":[],"class_list":["post-2030","post","type-post","status-publish","format-standard","has-post-thumbnail","hentry","category-allgemein"],"acf":[],"publishpress_future_workflow_manual_trigger":{"enabledWorkflows":[]},"_links":{"self":[{"href":"https:\/\/www.osfs.eu\/salesianum-rosental\/wp-json\/wp\/v2\/posts\/2030","targetHints":{"allow":["GET"]}}],"collection":[{"href":"https:\/\/www.osfs.eu\/salesianum-rosental\/wp-json\/wp\/v2\/posts"}],"about":[{"href":"https:\/\/www.osfs.eu\/salesianum-rosental\/wp-json\/wp\/v2\/types\/post"}],"author":[{"embeddable":true,"href":"https:\/\/www.osfs.eu\/salesianum-rosental\/wp-json\/wp\/v2\/users\/4"}],"replies":[{"embeddable":true,"href":"https:\/\/www.osfs.eu\/salesianum-rosental\/wp-json\/wp\/v2\/comments?post=2030"}],"version-history":[{"count":2,"href":"https:\/\/www.osfs.eu\/salesianum-rosental\/wp-json\/wp\/v2\/posts\/2030\/revisions"}],"predecessor-version":[{"id":2046,"href":"https:\/\/www.osfs.eu\/salesianum-rosental\/wp-json\/wp\/v2\/posts\/2030\/revisions\/2046"}],"wp:featuredmedia":[{"embeddable":true,"href":"https:\/\/www.osfs.eu\/salesianum-rosental\/wp-json\/wp\/v2\/media\/2035"}],"wp:attachment":[{"href":"https:\/\/www.osfs.eu\/salesianum-rosental\/wp-json\/wp\/v2\/media?parent=2030"}],"wp:term":[{"taxonomy":"category","embeddable":true,"href":"https:\/\/www.osfs.eu\/salesianum-rosental\/wp-json\/wp\/v2\/categories?post=2030"},{"taxonomy":"post_tag","embeddable":true,"href":"https:\/\/www.osfs.eu\/salesianum-rosental\/wp-json\/wp\/v2\/tags?post=2030"}],"curies":[{"name":"wp","href":"https:\/\/api.w.org\/{rel}","templated":true}]}}