{"id":1656,"date":"2024-06-22T10:43:27","date_gmt":"2024-06-22T08:43:27","guid":{"rendered":"https:\/\/www.osfs.eu\/salesianum-rosental\/?p=1656"},"modified":"2024-06-26T15:24:53","modified_gmt":"2024-06-26T13:24:53","slug":"pater-alfred-ertle-osfs-verstorben","status":"publish","type":"post","link":"https:\/\/www.osfs.eu\/salesianum-rosental\/pater-alfred-ertle-osfs-verstorben\/","title":{"rendered":"Pater Alfred Ertle OSFS verstorben"},"content":{"rendered":"\n<p>Am Samstag, 22. Juni 2024, verstarb unser Mitbruder Pater Alfred Ertle OSFS im Caritasheim St. Elisabeth in Eichst\u00e4tt, Bayern, im 91. Lebensjahr, im 67. Professjahr und im 62. Jahr seiner Priesterweihe. <a href=\"https:\/\/www.osfs.eu\/wp-content\/uploads\/2024\/06\/parte_alfredertle.pdf\">&gt;&gt;&gt;mehr&#8230;<\/a><\/p>\n\n\n\n<p>Die Beerdigung mit anschlie\u00dfendem Requiem fand am Mitwoch, 26. Juni 2024, im Salesianum Rosental statt. <\/p>\n\n\n\n<p>Die Predigt beim Requiem findet man<a href=\"https:\/\/www.osfs.eu\/predigt-zum-requiem-p-alfred-ertle-osfs\/\" target=\"_blank\" rel=\"noreferrer noopener\"> &gt;&gt;&gt;hier&#8230;<\/a><\/p>\n\n\n\n<p>Pater Alfred Ertle wurde 1934 in Bitburg, Di\u00f6zese Trier, geboren. 1956 trat er bei den Oblaten des heiligen Franz von Sales ein. Seine Erste Profess versprach er 1957 in Eichst\u00e4tt, 1960 seine Ewige Profess ebenfalls in Eichst\u00e4tt. Nach Abschluss seines Theologiestudiums wurde er 1962 in Eichst\u00e4tt zum Priester geweiht. Nach der Priesterweihe war er an verschiedenen Orten bis ins hohe Alter in der Pfarrseelsorge t\u00e4tig: Wimpassing (Nieder\u00f6sterreich); Wien\/Neuf\u00fcnfhaus; Klagenfurt-St. Theresia (K\u00e4rnten) und Ried-Riedberg (Ober\u00f6sterreich).\u00a0 Seit 2022 war im Caritasheim St. Elisabeth in Eichst\u00e4tt.<\/p>\n\n\n\n<p>Fotos: Claudia Stock<\/p>\n\n\n\n<figure class=\"wp-block-gallery has-nested-images columns-default is-cropped wp-block-gallery-1 is-layout-flex wp-block-gallery-is-layout-flex\">\n<figure class=\"wp-block-image size-large\"><a href=\"https:\/\/www.osfs.eu\/salesianum-rosental\/wp-content\/uploads\/sites\/8\/2024\/06\/rosental_beerdigung-p-alfred-ertle-osfs_2024-06-26.jpg\"><img fetchpriority=\"high\" decoding=\"async\" width=\"461\" height=\"1024\" data-id=\"1680\" src=\"https:\/\/www.osfs.eu\/salesianum-rosental\/wp-content\/uploads\/sites\/8\/2024\/06\/rosental_beerdigung-p-alfred-ertle-osfs_2024-06-26-461x1024.jpg\" alt=\"\" class=\"wp-image-1680\" srcset=\"https:\/\/www.osfs.eu\/salesianum-rosental\/wp-content\/uploads\/sites\/8\/2024\/06\/rosental_beerdigung-p-alfred-ertle-osfs_2024-06-26-461x1024.jpg 461w, https:\/\/www.osfs.eu\/salesianum-rosental\/wp-content\/uploads\/sites\/8\/2024\/06\/rosental_beerdigung-p-alfred-ertle-osfs_2024-06-26-135x300.jpg 135w, https:\/\/www.osfs.eu\/salesianum-rosental\/wp-content\/uploads\/sites\/8\/2024\/06\/rosental_beerdigung-p-alfred-ertle-osfs_2024-06-26-691x1536.jpg 691w, https:\/\/www.osfs.eu\/salesianum-rosental\/wp-content\/uploads\/sites\/8\/2024\/06\/rosental_beerdigung-p-alfred-ertle-osfs_2024-06-26.jpg 720w\" sizes=\"(max-width: 461px) 100vw, 461px\" \/><\/a><\/figure>\n\n\n\n<figure class=\"wp-block-image size-large\"><a href=\"https:\/\/www.osfs.eu\/salesianum-rosental\/wp-content\/uploads\/sites\/8\/2024\/06\/rosental_beerdigung-p-alfred-ertle-osfs_2024-06-26_02.jpg\"><img decoding=\"async\" width=\"1024\" height=\"461\" data-id=\"1673\" src=\"https:\/\/www.osfs.eu\/salesianum-rosental\/wp-content\/uploads\/sites\/8\/2024\/06\/rosental_beerdigung-p-alfred-ertle-osfs_2024-06-26_02-1024x461.jpg\" alt=\"\" class=\"wp-image-1673\" srcset=\"https:\/\/www.osfs.eu\/salesianum-rosental\/wp-content\/uploads\/sites\/8\/2024\/06\/rosental_beerdigung-p-alfred-ertle-osfs_2024-06-26_02-1024x461.jpg 1024w, https:\/\/www.osfs.eu\/salesianum-rosental\/wp-content\/uploads\/sites\/8\/2024\/06\/rosental_beerdigung-p-alfred-ertle-osfs_2024-06-26_02-300x135.jpg 300w, https:\/\/www.osfs.eu\/salesianum-rosental\/wp-content\/uploads\/sites\/8\/2024\/06\/rosental_beerdigung-p-alfred-ertle-osfs_2024-06-26_02-768x346.jpg 768w, https:\/\/www.osfs.eu\/salesianum-rosental\/wp-content\/uploads\/sites\/8\/2024\/06\/rosental_beerdigung-p-alfred-ertle-osfs_2024-06-26_02-1536x691.jpg 1536w, https:\/\/www.osfs.eu\/salesianum-rosental\/wp-content\/uploads\/sites\/8\/2024\/06\/rosental_beerdigung-p-alfred-ertle-osfs_2024-06-26_02.jpg 1600w\" sizes=\"(max-width: 1024px) 100vw, 1024px\" \/><\/a><\/figure>\n\n\n\n<figure class=\"wp-block-image size-large\"><a href=\"https:\/\/www.osfs.eu\/salesianum-rosental\/wp-content\/uploads\/sites\/8\/2024\/06\/rosental_beerdigung-p-alfred-ertle-osfs_2024-06-26_04.jpg\"><img decoding=\"async\" width=\"1024\" height=\"461\" data-id=\"1678\" src=\"https:\/\/www.osfs.eu\/salesianum-rosental\/wp-content\/uploads\/sites\/8\/2024\/06\/rosental_beerdigung-p-alfred-ertle-osfs_2024-06-26_04-1024x461.jpg\" alt=\"\" class=\"wp-image-1678\" srcset=\"https:\/\/www.osfs.eu\/salesianum-rosental\/wp-content\/uploads\/sites\/8\/2024\/06\/rosental_beerdigung-p-alfred-ertle-osfs_2024-06-26_04-1024x461.jpg 1024w, https:\/\/www.osfs.eu\/salesianum-rosental\/wp-content\/uploads\/sites\/8\/2024\/06\/rosental_beerdigung-p-alfred-ertle-osfs_2024-06-26_04-300x135.jpg 300w, https:\/\/www.osfs.eu\/salesianum-rosental\/wp-content\/uploads\/sites\/8\/2024\/06\/rosental_beerdigung-p-alfred-ertle-osfs_2024-06-26_04-768x346.jpg 768w, https:\/\/www.osfs.eu\/salesianum-rosental\/wp-content\/uploads\/sites\/8\/2024\/06\/rosental_beerdigung-p-alfred-ertle-osfs_2024-06-26_04-1536x691.jpg 1536w, https:\/\/www.osfs.eu\/salesianum-rosental\/wp-content\/uploads\/sites\/8\/2024\/06\/rosental_beerdigung-p-alfred-ertle-osfs_2024-06-26_04.jpg 1600w\" sizes=\"(max-width: 1024px) 100vw, 1024px\" \/><\/a><\/figure>\n\n\n\n<figure class=\"wp-block-image size-large\"><a href=\"https:\/\/www.osfs.eu\/salesianum-rosental\/wp-content\/uploads\/sites\/8\/2024\/06\/rosental_beerdigung-p-alfred-ertle-osfs_2024-06-26_05.jpg\"><img loading=\"lazy\" decoding=\"async\" width=\"1024\" height=\"461\" data-id=\"1679\" src=\"https:\/\/www.osfs.eu\/salesianum-rosental\/wp-content\/uploads\/sites\/8\/2024\/06\/rosental_beerdigung-p-alfred-ertle-osfs_2024-06-26_05-1024x461.jpg\" alt=\"\" class=\"wp-image-1679\" srcset=\"https:\/\/www.osfs.eu\/salesianum-rosental\/wp-content\/uploads\/sites\/8\/2024\/06\/rosental_beerdigung-p-alfred-ertle-osfs_2024-06-26_05-1024x461.jpg 1024w, https:\/\/www.osfs.eu\/salesianum-rosental\/wp-content\/uploads\/sites\/8\/2024\/06\/rosental_beerdigung-p-alfred-ertle-osfs_2024-06-26_05-300x135.jpg 300w, https:\/\/www.osfs.eu\/salesianum-rosental\/wp-content\/uploads\/sites\/8\/2024\/06\/rosental_beerdigung-p-alfred-ertle-osfs_2024-06-26_05-768x346.jpg 768w, https:\/\/www.osfs.eu\/salesianum-rosental\/wp-content\/uploads\/sites\/8\/2024\/06\/rosental_beerdigung-p-alfred-ertle-osfs_2024-06-26_05-1536x691.jpg 1536w, https:\/\/www.osfs.eu\/salesianum-rosental\/wp-content\/uploads\/sites\/8\/2024\/06\/rosental_beerdigung-p-alfred-ertle-osfs_2024-06-26_05.jpg 1600w\" sizes=\"(max-width: 1024px) 100vw, 1024px\" \/><\/a><\/figure>\n\n\n\n<figure class=\"wp-block-image size-large\"><a href=\"https:\/\/www.osfs.eu\/salesianum-rosental\/wp-content\/uploads\/sites\/8\/2024\/06\/rosental_beerdigung-p-alfred-ertle-osfs_2024-06-26_06.jpg\"><img loading=\"lazy\" decoding=\"async\" width=\"1024\" height=\"461\" data-id=\"1677\" src=\"https:\/\/www.osfs.eu\/salesianum-rosental\/wp-content\/uploads\/sites\/8\/2024\/06\/rosental_beerdigung-p-alfred-ertle-osfs_2024-06-26_06-1024x461.jpg\" alt=\"\" class=\"wp-image-1677\" srcset=\"https:\/\/www.osfs.eu\/salesianum-rosental\/wp-content\/uploads\/sites\/8\/2024\/06\/rosental_beerdigung-p-alfred-ertle-osfs_2024-06-26_06-1024x461.jpg 1024w, https:\/\/www.osfs.eu\/salesianum-rosental\/wp-content\/uploads\/sites\/8\/2024\/06\/rosental_beerdigung-p-alfred-ertle-osfs_2024-06-26_06-300x135.jpg 300w, https:\/\/www.osfs.eu\/salesianum-rosental\/wp-content\/uploads\/sites\/8\/2024\/06\/rosental_beerdigung-p-alfred-ertle-osfs_2024-06-26_06-768x346.jpg 768w, https:\/\/www.osfs.eu\/salesianum-rosental\/wp-content\/uploads\/sites\/8\/2024\/06\/rosental_beerdigung-p-alfred-ertle-osfs_2024-06-26_06-1536x691.jpg 1536w, https:\/\/www.osfs.eu\/salesianum-rosental\/wp-content\/uploads\/sites\/8\/2024\/06\/rosental_beerdigung-p-alfred-ertle-osfs_2024-06-26_06.jpg 1600w\" sizes=\"(max-width: 1024px) 100vw, 1024px\" \/><\/a><\/figure>\n\n\n\n<figure class=\"wp-block-image size-large\"><a href=\"https:\/\/www.osfs.eu\/salesianum-rosental\/wp-content\/uploads\/sites\/8\/2024\/06\/rosental_beerdigung-p-alfred-ertle-osfs_2024-06-26_07.jpg\"><img loading=\"lazy\" decoding=\"async\" width=\"1024\" height=\"461\" data-id=\"1668\" src=\"https:\/\/www.osfs.eu\/salesianum-rosental\/wp-content\/uploads\/sites\/8\/2024\/06\/rosental_beerdigung-p-alfred-ertle-osfs_2024-06-26_07-1024x461.jpg\" alt=\"\" class=\"wp-image-1668\" srcset=\"https:\/\/www.osfs.eu\/salesianum-rosental\/wp-content\/uploads\/sites\/8\/2024\/06\/rosental_beerdigung-p-alfred-ertle-osfs_2024-06-26_07-1024x461.jpg 1024w, https:\/\/www.osfs.eu\/salesianum-rosental\/wp-content\/uploads\/sites\/8\/2024\/06\/rosental_beerdigung-p-alfred-ertle-osfs_2024-06-26_07-300x135.jpg 300w, https:\/\/www.osfs.eu\/salesianum-rosental\/wp-content\/uploads\/sites\/8\/2024\/06\/rosental_beerdigung-p-alfred-ertle-osfs_2024-06-26_07-768x346.jpg 768w, https:\/\/www.osfs.eu\/salesianum-rosental\/wp-content\/uploads\/sites\/8\/2024\/06\/rosental_beerdigung-p-alfred-ertle-osfs_2024-06-26_07-1536x691.jpg 1536w, https:\/\/www.osfs.eu\/salesianum-rosental\/wp-content\/uploads\/sites\/8\/2024\/06\/rosental_beerdigung-p-alfred-ertle-osfs_2024-06-26_07.jpg 1600w\" sizes=\"(max-width: 1024px) 100vw, 1024px\" \/><\/a><\/figure>\n\n\n\n<figure class=\"wp-block-image size-large\"><a href=\"https:\/\/www.osfs.eu\/salesianum-rosental\/wp-content\/uploads\/sites\/8\/2024\/06\/rosental_beerdigung-p-alfred-ertle-osfs_2024-06-26_10.jpg\"><img loading=\"lazy\" decoding=\"async\" width=\"1024\" height=\"461\" data-id=\"1665\" src=\"https:\/\/www.osfs.eu\/salesianum-rosental\/wp-content\/uploads\/sites\/8\/2024\/06\/rosental_beerdigung-p-alfred-ertle-osfs_2024-06-26_10-1024x461.jpg\" alt=\"\" class=\"wp-image-1665\" srcset=\"https:\/\/www.osfs.eu\/salesianum-rosental\/wp-content\/uploads\/sites\/8\/2024\/06\/rosental_beerdigung-p-alfred-ertle-osfs_2024-06-26_10-1024x461.jpg 1024w, https:\/\/www.osfs.eu\/salesianum-rosental\/wp-content\/uploads\/sites\/8\/2024\/06\/rosental_beerdigung-p-alfred-ertle-osfs_2024-06-26_10-300x135.jpg 300w, https:\/\/www.osfs.eu\/salesianum-rosental\/wp-content\/uploads\/sites\/8\/2024\/06\/rosental_beerdigung-p-alfred-ertle-osfs_2024-06-26_10-768x346.jpg 768w, https:\/\/www.osfs.eu\/salesianum-rosental\/wp-content\/uploads\/sites\/8\/2024\/06\/rosental_beerdigung-p-alfred-ertle-osfs_2024-06-26_10-1536x691.jpg 1536w, https:\/\/www.osfs.eu\/salesianum-rosental\/wp-content\/uploads\/sites\/8\/2024\/06\/rosental_beerdigung-p-alfred-ertle-osfs_2024-06-26_10.jpg 1600w\" sizes=\"(max-width: 1024px) 100vw, 1024px\" \/><\/a><\/figure>\n\n\n\n<figure class=\"wp-block-image size-large\"><a href=\"https:\/\/www.osfs.eu\/salesianum-rosental\/wp-content\/uploads\/sites\/8\/2024\/06\/rosental_beerdigung-p-alfred-ertle-osfs_2024-06-26_11.jpg\"><img loading=\"lazy\" decoding=\"async\" width=\"1024\" height=\"461\" data-id=\"1666\" src=\"https:\/\/www.osfs.eu\/salesianum-rosental\/wp-content\/uploads\/sites\/8\/2024\/06\/rosental_beerdigung-p-alfred-ertle-osfs_2024-06-26_11-1024x461.jpg\" alt=\"\" class=\"wp-image-1666\" srcset=\"https:\/\/www.osfs.eu\/salesianum-rosental\/wp-content\/uploads\/sites\/8\/2024\/06\/rosental_beerdigung-p-alfred-ertle-osfs_2024-06-26_11-1024x461.jpg 1024w, https:\/\/www.osfs.eu\/salesianum-rosental\/wp-content\/uploads\/sites\/8\/2024\/06\/rosental_beerdigung-p-alfred-ertle-osfs_2024-06-26_11-300x135.jpg 300w, https:\/\/www.osfs.eu\/salesianum-rosental\/wp-content\/uploads\/sites\/8\/2024\/06\/rosental_beerdigung-p-alfred-ertle-osfs_2024-06-26_11-768x346.jpg 768w, https:\/\/www.osfs.eu\/salesianum-rosental\/wp-content\/uploads\/sites\/8\/2024\/06\/rosental_beerdigung-p-alfred-ertle-osfs_2024-06-26_11-1536x691.jpg 1536w, https:\/\/www.osfs.eu\/salesianum-rosental\/wp-content\/uploads\/sites\/8\/2024\/06\/rosental_beerdigung-p-alfred-ertle-osfs_2024-06-26_11.jpg 1600w\" sizes=\"(max-width: 1024px) 100vw, 1024px\" \/><\/a><\/figure>\n\n\n\n<figure class=\"wp-block-image size-large\"><a href=\"https:\/\/www.osfs.eu\/salesianum-rosental\/wp-content\/uploads\/sites\/8\/2024\/06\/rosental_beerdigung-p-alfred-ertle-osfs_2024-06-26_12.jpg\"><img loading=\"lazy\" decoding=\"async\" width=\"1024\" height=\"461\" data-id=\"1663\" src=\"https:\/\/www.osfs.eu\/salesianum-rosental\/wp-content\/uploads\/sites\/8\/2024\/06\/rosental_beerdigung-p-alfred-ertle-osfs_2024-06-26_12-1024x461.jpg\" alt=\"\" class=\"wp-image-1663\" srcset=\"https:\/\/www.osfs.eu\/salesianum-rosental\/wp-content\/uploads\/sites\/8\/2024\/06\/rosental_beerdigung-p-alfred-ertle-osfs_2024-06-26_12-1024x461.jpg 1024w, https:\/\/www.osfs.eu\/salesianum-rosental\/wp-content\/uploads\/sites\/8\/2024\/06\/rosental_beerdigung-p-alfred-ertle-osfs_2024-06-26_12-300x135.jpg 300w, https:\/\/www.osfs.eu\/salesianum-rosental\/wp-content\/uploads\/sites\/8\/2024\/06\/rosental_beerdigung-p-alfred-ertle-osfs_2024-06-26_12-768x346.jpg 768w, https:\/\/www.osfs.eu\/salesianum-rosental\/wp-content\/uploads\/sites\/8\/2024\/06\/rosental_beerdigung-p-alfred-ertle-osfs_2024-06-26_12-1536x691.jpg 1536w, https:\/\/www.osfs.eu\/salesianum-rosental\/wp-content\/uploads\/sites\/8\/2024\/06\/rosental_beerdigung-p-alfred-ertle-osfs_2024-06-26_12.jpg 1600w\" sizes=\"(max-width: 1024px) 100vw, 1024px\" \/><\/a><\/figure>\n\n\n\n<figure class=\"wp-block-image size-large\"><a href=\"https:\/\/www.osfs.eu\/salesianum-rosental\/wp-content\/uploads\/sites\/8\/2024\/06\/rosental_beerdigung-p-alfred-ertle-osfs_2024-06-26_14.jpg\"><img loading=\"lazy\" decoding=\"async\" width=\"1024\" height=\"461\" data-id=\"1672\" src=\"https:\/\/www.osfs.eu\/salesianum-rosental\/wp-content\/uploads\/sites\/8\/2024\/06\/rosental_beerdigung-p-alfred-ertle-osfs_2024-06-26_14-1024x461.jpg\" alt=\"\" class=\"wp-image-1672\" srcset=\"https:\/\/www.osfs.eu\/salesianum-rosental\/wp-content\/uploads\/sites\/8\/2024\/06\/rosental_beerdigung-p-alfred-ertle-osfs_2024-06-26_14-1024x461.jpg 1024w, https:\/\/www.osfs.eu\/salesianum-rosental\/wp-content\/uploads\/sites\/8\/2024\/06\/rosental_beerdigung-p-alfred-ertle-osfs_2024-06-26_14-300x135.jpg 300w, https:\/\/www.osfs.eu\/salesianum-rosental\/wp-content\/uploads\/sites\/8\/2024\/06\/rosental_beerdigung-p-alfred-ertle-osfs_2024-06-26_14-768x346.jpg 768w, https:\/\/www.osfs.eu\/salesianum-rosental\/wp-content\/uploads\/sites\/8\/2024\/06\/rosental_beerdigung-p-alfred-ertle-osfs_2024-06-26_14-1536x691.jpg 1536w, https:\/\/www.osfs.eu\/salesianum-rosental\/wp-content\/uploads\/sites\/8\/2024\/06\/rosental_beerdigung-p-alfred-ertle-osfs_2024-06-26_14.jpg 1600w\" sizes=\"(max-width: 1024px) 100vw, 1024px\" \/><\/a><\/figure>\n\n\n\n<figure class=\"wp-block-image size-large\"><a href=\"https:\/\/www.osfs.eu\/salesianum-rosental\/wp-content\/uploads\/sites\/8\/2024\/06\/rosental_beerdigung-p-alfred-ertle-osfs_2024-06-26_19.jpg\"><img loading=\"lazy\" decoding=\"async\" width=\"1024\" height=\"461\" data-id=\"1671\" src=\"https:\/\/www.osfs.eu\/salesianum-rosental\/wp-content\/uploads\/sites\/8\/2024\/06\/rosental_beerdigung-p-alfred-ertle-osfs_2024-06-26_19-1024x461.jpg\" alt=\"\" class=\"wp-image-1671\" srcset=\"https:\/\/www.osfs.eu\/salesianum-rosental\/wp-content\/uploads\/sites\/8\/2024\/06\/rosental_beerdigung-p-alfred-ertle-osfs_2024-06-26_19-1024x461.jpg 1024w, https:\/\/www.osfs.eu\/salesianum-rosental\/wp-content\/uploads\/sites\/8\/2024\/06\/rosental_beerdigung-p-alfred-ertle-osfs_2024-06-26_19-300x135.jpg 300w, https:\/\/www.osfs.eu\/salesianum-rosental\/wp-content\/uploads\/sites\/8\/2024\/06\/rosental_beerdigung-p-alfred-ertle-osfs_2024-06-26_19-768x346.jpg 768w, https:\/\/www.osfs.eu\/salesianum-rosental\/wp-content\/uploads\/sites\/8\/2024\/06\/rosental_beerdigung-p-alfred-ertle-osfs_2024-06-26_19-1536x691.jpg 1536w, https:\/\/www.osfs.eu\/salesianum-rosental\/wp-content\/uploads\/sites\/8\/2024\/06\/rosental_beerdigung-p-alfred-ertle-osfs_2024-06-26_19.jpg 1600w\" sizes=\"(max-width: 1024px) 100vw, 1024px\" \/><\/a><\/figure>\n\n\n\n<figure class=\"wp-block-image size-large\"><a href=\"https:\/\/www.osfs.eu\/salesianum-rosental\/wp-content\/uploads\/sites\/8\/2024\/06\/rosental_beerdigung-p-alfred-ertle-osfs_2024-06-26_21.jpg\"><img loading=\"lazy\" decoding=\"async\" width=\"1024\" height=\"461\" data-id=\"1670\" src=\"https:\/\/www.osfs.eu\/salesianum-rosental\/wp-content\/uploads\/sites\/8\/2024\/06\/rosental_beerdigung-p-alfred-ertle-osfs_2024-06-26_21-1024x461.jpg\" alt=\"\" class=\"wp-image-1670\" srcset=\"https:\/\/www.osfs.eu\/salesianum-rosental\/wp-content\/uploads\/sites\/8\/2024\/06\/rosental_beerdigung-p-alfred-ertle-osfs_2024-06-26_21-1024x461.jpg 1024w, https:\/\/www.osfs.eu\/salesianum-rosental\/wp-content\/uploads\/sites\/8\/2024\/06\/rosental_beerdigung-p-alfred-ertle-osfs_2024-06-26_21-300x135.jpg 300w, https:\/\/www.osfs.eu\/salesianum-rosental\/wp-content\/uploads\/sites\/8\/2024\/06\/rosental_beerdigung-p-alfred-ertle-osfs_2024-06-26_21-768x346.jpg 768w, https:\/\/www.osfs.eu\/salesianum-rosental\/wp-content\/uploads\/sites\/8\/2024\/06\/rosental_beerdigung-p-alfred-ertle-osfs_2024-06-26_21-1536x691.jpg 1536w, https:\/\/www.osfs.eu\/salesianum-rosental\/wp-content\/uploads\/sites\/8\/2024\/06\/rosental_beerdigung-p-alfred-ertle-osfs_2024-06-26_21.jpg 1600w\" sizes=\"(max-width: 1024px) 100vw, 1024px\" \/><\/a><\/figure>\n\n\n\n<figure class=\"wp-block-image size-large\"><a href=\"https:\/\/www.osfs.eu\/salesianum-rosental\/wp-content\/uploads\/sites\/8\/2024\/06\/rosental_beerdigung-p-alfred-ertle-osfs_2024-06-26_23.jpg\"><img loading=\"lazy\" decoding=\"async\" width=\"1024\" height=\"461\" data-id=\"1669\" src=\"https:\/\/www.osfs.eu\/salesianum-rosental\/wp-content\/uploads\/sites\/8\/2024\/06\/rosental_beerdigung-p-alfred-ertle-osfs_2024-06-26_23-1024x461.jpg\" alt=\"\" class=\"wp-image-1669\" srcset=\"https:\/\/www.osfs.eu\/salesianum-rosental\/wp-content\/uploads\/sites\/8\/2024\/06\/rosental_beerdigung-p-alfred-ertle-osfs_2024-06-26_23-1024x461.jpg 1024w, https:\/\/www.osfs.eu\/salesianum-rosental\/wp-content\/uploads\/sites\/8\/2024\/06\/rosental_beerdigung-p-alfred-ertle-osfs_2024-06-26_23-300x135.jpg 300w, https:\/\/www.osfs.eu\/salesianum-rosental\/wp-content\/uploads\/sites\/8\/2024\/06\/rosental_beerdigung-p-alfred-ertle-osfs_2024-06-26_23-768x346.jpg 768w, https:\/\/www.osfs.eu\/salesianum-rosental\/wp-content\/uploads\/sites\/8\/2024\/06\/rosental_beerdigung-p-alfred-ertle-osfs_2024-06-26_23-1536x691.jpg 1536w, https:\/\/www.osfs.eu\/salesianum-rosental\/wp-content\/uploads\/sites\/8\/2024\/06\/rosental_beerdigung-p-alfred-ertle-osfs_2024-06-26_23.jpg 1600w\" sizes=\"(max-width: 1024px) 100vw, 1024px\" \/><\/a><\/figure>\n\n\n\n<figure class=\"wp-block-image size-large\"><a href=\"https:\/\/www.osfs.eu\/salesianum-rosental\/wp-content\/uploads\/sites\/8\/2024\/06\/rosental_beerdigung-p-alfred-ertle-osfs_2024-06-26_26.jpg\"><img loading=\"lazy\" decoding=\"async\" width=\"1024\" height=\"461\" data-id=\"1664\" src=\"https:\/\/www.osfs.eu\/salesianum-rosental\/wp-content\/uploads\/sites\/8\/2024\/06\/rosental_beerdigung-p-alfred-ertle-osfs_2024-06-26_26-1024x461.jpg\" alt=\"\" class=\"wp-image-1664\" srcset=\"https:\/\/www.osfs.eu\/salesianum-rosental\/wp-content\/uploads\/sites\/8\/2024\/06\/rosental_beerdigung-p-alfred-ertle-osfs_2024-06-26_26-1024x461.jpg 1024w, https:\/\/www.osfs.eu\/salesianum-rosental\/wp-content\/uploads\/sites\/8\/2024\/06\/rosental_beerdigung-p-alfred-ertle-osfs_2024-06-26_26-300x135.jpg 300w, https:\/\/www.osfs.eu\/salesianum-rosental\/wp-content\/uploads\/sites\/8\/2024\/06\/rosental_beerdigung-p-alfred-ertle-osfs_2024-06-26_26-768x346.jpg 768w, https:\/\/www.osfs.eu\/salesianum-rosental\/wp-content\/uploads\/sites\/8\/2024\/06\/rosental_beerdigung-p-alfred-ertle-osfs_2024-06-26_26-1536x691.jpg 1536w, https:\/\/www.osfs.eu\/salesianum-rosental\/wp-content\/uploads\/sites\/8\/2024\/06\/rosental_beerdigung-p-alfred-ertle-osfs_2024-06-26_26.jpg 1600w\" sizes=\"(max-width: 1024px) 100vw, 1024px\" \/><\/a><\/figure>\n\n\n\n<figure class=\"wp-block-image size-large\"><a href=\"https:\/\/www.osfs.eu\/salesianum-rosental\/wp-content\/uploads\/sites\/8\/2024\/06\/rosental_beerdigung-p-alfred-ertle-osfs_2024-06-26_28.jpg\"><img loading=\"lazy\" decoding=\"async\" width=\"461\" height=\"1024\" data-id=\"1674\" src=\"https:\/\/www.osfs.eu\/salesianum-rosental\/wp-content\/uploads\/sites\/8\/2024\/06\/rosental_beerdigung-p-alfred-ertle-osfs_2024-06-26_28-461x1024.jpg\" alt=\"\" class=\"wp-image-1674\" srcset=\"https:\/\/www.osfs.eu\/salesianum-rosental\/wp-content\/uploads\/sites\/8\/2024\/06\/rosental_beerdigung-p-alfred-ertle-osfs_2024-06-26_28-461x1024.jpg 461w, https:\/\/www.osfs.eu\/salesianum-rosental\/wp-content\/uploads\/sites\/8\/2024\/06\/rosental_beerdigung-p-alfred-ertle-osfs_2024-06-26_28-135x300.jpg 135w, https:\/\/www.osfs.eu\/salesianum-rosental\/wp-content\/uploads\/sites\/8\/2024\/06\/rosental_beerdigung-p-alfred-ertle-osfs_2024-06-26_28-691x1536.jpg 691w, https:\/\/www.osfs.eu\/salesianum-rosental\/wp-content\/uploads\/sites\/8\/2024\/06\/rosental_beerdigung-p-alfred-ertle-osfs_2024-06-26_28.jpg 720w\" sizes=\"(max-width: 461px) 100vw, 461px\" \/><\/a><\/figure>\n\n\n\n<figure class=\"wp-block-image size-large\"><a href=\"https:\/\/www.osfs.eu\/salesianum-rosental\/wp-content\/uploads\/sites\/8\/2024\/06\/rosental_beerdigung-p-alfred-ertle-osfs_2024-06-26_29.jpg\"><img loading=\"lazy\" decoding=\"async\" width=\"461\" height=\"1024\" data-id=\"1676\" src=\"https:\/\/www.osfs.eu\/salesianum-rosental\/wp-content\/uploads\/sites\/8\/2024\/06\/rosental_beerdigung-p-alfred-ertle-osfs_2024-06-26_29-461x1024.jpg\" alt=\"\" class=\"wp-image-1676\" srcset=\"https:\/\/www.osfs.eu\/salesianum-rosental\/wp-content\/uploads\/sites\/8\/2024\/06\/rosental_beerdigung-p-alfred-ertle-osfs_2024-06-26_29-461x1024.jpg 461w, https:\/\/www.osfs.eu\/salesianum-rosental\/wp-content\/uploads\/sites\/8\/2024\/06\/rosental_beerdigung-p-alfred-ertle-osfs_2024-06-26_29-135x300.jpg 135w, https:\/\/www.osfs.eu\/salesianum-rosental\/wp-content\/uploads\/sites\/8\/2024\/06\/rosental_beerdigung-p-alfred-ertle-osfs_2024-06-26_29-691x1536.jpg 691w, https:\/\/www.osfs.eu\/salesianum-rosental\/wp-content\/uploads\/sites\/8\/2024\/06\/rosental_beerdigung-p-alfred-ertle-osfs_2024-06-26_29.jpg 720w\" sizes=\"(max-width: 461px) 100vw, 461px\" \/><\/a><\/figure>\n\n\n\n<figure class=\"wp-block-image size-large\"><a href=\"https:\/\/www.osfs.eu\/salesianum-rosental\/wp-content\/uploads\/sites\/8\/2024\/06\/rosental_beerdigung-p-alfred-ertle-osfs_2024-06-26_30.jpg\"><img loading=\"lazy\" decoding=\"async\" width=\"461\" height=\"1024\" data-id=\"1675\" src=\"https:\/\/www.osfs.eu\/salesianum-rosental\/wp-content\/uploads\/sites\/8\/2024\/06\/rosental_beerdigung-p-alfred-ertle-osfs_2024-06-26_30-461x1024.jpg\" alt=\"\" class=\"wp-image-1675\" srcset=\"https:\/\/www.osfs.eu\/salesianum-rosental\/wp-content\/uploads\/sites\/8\/2024\/06\/rosental_beerdigung-p-alfred-ertle-osfs_2024-06-26_30-461x1024.jpg 461w, https:\/\/www.osfs.eu\/salesianum-rosental\/wp-content\/uploads\/sites\/8\/2024\/06\/rosental_beerdigung-p-alfred-ertle-osfs_2024-06-26_30-135x300.jpg 135w, https:\/\/www.osfs.eu\/salesianum-rosental\/wp-content\/uploads\/sites\/8\/2024\/06\/rosental_beerdigung-p-alfred-ertle-osfs_2024-06-26_30-691x1536.jpg 691w, https:\/\/www.osfs.eu\/salesianum-rosental\/wp-content\/uploads\/sites\/8\/2024\/06\/rosental_beerdigung-p-alfred-ertle-osfs_2024-06-26_30.jpg 720w\" sizes=\"(max-width: 461px) 100vw, 461px\" \/><\/a><\/figure>\n\n\n\n<figure class=\"wp-block-image size-large\"><a href=\"https:\/\/www.osfs.eu\/salesianum-rosental\/wp-content\/uploads\/sites\/8\/2024\/06\/rosental_beerdigung-p-alfred-ertle-osfs_2024-06-26_31.jpg\"><img loading=\"lazy\" decoding=\"async\" width=\"461\" height=\"1024\" data-id=\"1667\" src=\"https:\/\/www.osfs.eu\/salesianum-rosental\/wp-content\/uploads\/sites\/8\/2024\/06\/rosental_beerdigung-p-alfred-ertle-osfs_2024-06-26_31-461x1024.jpg\" alt=\"\" class=\"wp-image-1667\" srcset=\"https:\/\/www.osfs.eu\/salesianum-rosental\/wp-content\/uploads\/sites\/8\/2024\/06\/rosental_beerdigung-p-alfred-ertle-osfs_2024-06-26_31-461x1024.jpg 461w, https:\/\/www.osfs.eu\/salesianum-rosental\/wp-content\/uploads\/sites\/8\/2024\/06\/rosental_beerdigung-p-alfred-ertle-osfs_2024-06-26_31-135x300.jpg 135w, https:\/\/www.osfs.eu\/salesianum-rosental\/wp-content\/uploads\/sites\/8\/2024\/06\/rosental_beerdigung-p-alfred-ertle-osfs_2024-06-26_31-691x1536.jpg 691w, https:\/\/www.osfs.eu\/salesianum-rosental\/wp-content\/uploads\/sites\/8\/2024\/06\/rosental_beerdigung-p-alfred-ertle-osfs_2024-06-26_31.jpg 720w\" sizes=\"(max-width: 461px) 100vw, 461px\" \/><\/a><\/figure>\n<\/figure>\n","protected":false},"excerpt":{"rendered":"<p>Am Samstag, 22. Juni 2024, verstarb unser Mitbruder Pater Alfred Ertle OSFS im Caritasheim St. Elisabeth in Eichst\u00e4tt, Bayern, im 91. Lebensjahr, im 67. Professjahr und im 62. Jahr seiner Priesterweihe.<\/p>\n","protected":false},"author":4,"featured_media":1657,"comment_status":"closed","ping_status":"open","sticky":false,"template":"","format":"standard","meta":{"_acf_changed":false,"footnotes":""},"categories":[1],"tags":[],"class_list":["post-1656","post","type-post","status-publish","format-standard","has-post-thumbnail","hentry","category-allgemein"],"acf":[],"publishpress_future_workflow_manual_trigger":{"enabledWorkflows":[]},"_links":{"self":[{"href":"https:\/\/www.osfs.eu\/salesianum-rosental\/wp-json\/wp\/v2\/posts\/1656","targetHints":{"allow":["GET"]}}],"collection":[{"href":"https:\/\/www.osfs.eu\/salesianum-rosental\/wp-json\/wp\/v2\/posts"}],"about":[{"href":"https:\/\/www.osfs.eu\/salesianum-rosental\/wp-json\/wp\/v2\/types\/post"}],"author":[{"embeddable":true,"href":"https:\/\/www.osfs.eu\/salesianum-rosental\/wp-json\/wp\/v2\/users\/4"}],"replies":[{"embeddable":true,"href":"https:\/\/www.osfs.eu\/salesianum-rosental\/wp-json\/wp\/v2\/comments?post=1656"}],"version-history":[{"count":6,"href":"https:\/\/www.osfs.eu\/salesianum-rosental\/wp-json\/wp\/v2\/posts\/1656\/revisions"}],"predecessor-version":[{"id":1681,"href":"https:\/\/www.osfs.eu\/salesianum-rosental\/wp-json\/wp\/v2\/posts\/1656\/revisions\/1681"}],"wp:featuredmedia":[{"embeddable":true,"href":"https:\/\/www.osfs.eu\/salesianum-rosental\/wp-json\/wp\/v2\/media\/1657"}],"wp:attachment":[{"href":"https:\/\/www.osfs.eu\/salesianum-rosental\/wp-json\/wp\/v2\/media?parent=1656"}],"wp:term":[{"taxonomy":"category","embeddable":true,"href":"https:\/\/www.osfs.eu\/salesianum-rosental\/wp-json\/wp\/v2\/categories?post=1656"},{"taxonomy":"post_tag","embeddable":true,"href":"https:\/\/www.osfs.eu\/salesianum-rosental\/wp-json\/wp\/v2\/tags?post=1656"}],"curies":[{"name":"wp","href":"https:\/\/api.w.org\/{rel}","templated":true}]}}