{"id":1430,"date":"2024-01-17T22:35:54","date_gmt":"2024-01-17T21:35:54","guid":{"rendered":"https:\/\/www.osfs.eu\/salesianum-rosental\/?p=1430"},"modified":"2024-01-25T21:56:04","modified_gmt":"2024-01-25T20:56:04","slug":"pater-hans-junker-osfs-verstorben","status":"publish","type":"post","link":"https:\/\/www.osfs.eu\/salesianum-rosental\/pater-hans-junker-osfs-verstorben\/","title":{"rendered":"Pater Hans Junker OSFS verstorben"},"content":{"rendered":"\n<p>Am Mittwoch, 17. Januar 2024, verstarb unser Mitbruder Pater Hans Junker OSFS im Krankenhaus in Eichst\u00e4tt, Bayern, im 88. Lebensjahr, im 61. Professjahr und im 58. Jahr seiner Priesterweihe. <a href=\"http:\/\/www.osfs.eu\/salesianum-rosental\/wp-content\/uploads\/sites\/8\/2024\/01\/parte_hansjunker.pdf\" target=\"_blank\" rel=\"noreferrer noopener\">&gt;&gt;&gt;mehr&#8230;<\/a><\/p>\n\n\n\n<p>Die Beerdigung fand am 25. Januar 2024 auf dem Ordensfriedhof im Rosental (85072 Eichst\u00e4tt) statt. Gleich anschlie\u00dfend feierten wir im Glauben an die Auferstehung das Requiem in der Kapelle des Salesianums Rosental, 85072 Eichst\u00e4tt.<\/p>\n\n\n\n<p>Die Predigt zum Requiem findet man <a href=\"https:\/\/www.osfs.eu\/predigt-zum-requiem-p-hans-junker\/\" target=\"_blank\" rel=\"noreferrer noopener\">&gt;&gt;&gt;hier &#8230;<\/a><\/p>\n\n\n\n<p>Pater Hans Junker wurde 1936 in Aschaffenburg, Di\u00f6zese W\u00fcrzburg, Bayern, geboren. 1962 trat er bei den Oblaten des heiligen Franz von Sales ein und studierte Theologie. 1963 versprach er seine Erste Profess, 1966 seine Ewige Profess und am 29. Juni 1966 wurde er in Eichst\u00e4tt zum Priester geweiht. Zeit seines Lebens war Pater Junker ein unerm\u00fcdlicher Pfarrseelsorger: in Leobersdorf in Nieder\u00f6sterreich, in M\u00fcnchen, Bayern, in Artstetten, Nieder\u00f6sterreich und schlie\u00dflich in Hassfurt, Bayern, wo er von 1987 bis 2002 Stadtpfarrer von Unterhohenried und Augsfeld und ab 1994 auch zus\u00e4tzlich von K\u00f6nigsberg und Prappach war. Von 2002 bis 2016 schlie\u00dflich war er Pfarrer von Leonberg und Wernersreuth, Bayern. Es folgte der Ruhestand zun\u00e4chst in Fockenfeld und dann ab 2020 im Salesianum Rosental in Eichst\u00e4tt, Bayern.<\/p>\n\n\n\n<p>Fotos: Claudia Stock<\/p>\n\n\n\n<figure class=\"wp-block-gallery has-nested-images columns-default is-cropped wp-block-gallery-1 is-layout-flex wp-block-gallery-is-layout-flex\">\n<figure class=\"wp-block-image size-large\"><a href=\"https:\/\/www.osfs.eu\/salesianum-rosental\/wp-content\/uploads\/sites\/8\/2024\/01\/rosental_beerdigung-p-hans-junker_2024-01-25.jpeg\"><img fetchpriority=\"high\" decoding=\"async\" width=\"461\" height=\"1024\" data-id=\"1469\" src=\"https:\/\/www.osfs.eu\/salesianum-rosental\/wp-content\/uploads\/sites\/8\/2024\/01\/rosental_beerdigung-p-hans-junker_2024-01-25-461x1024.jpeg\" alt=\"\" class=\"wp-image-1469\" srcset=\"https:\/\/www.osfs.eu\/salesianum-rosental\/wp-content\/uploads\/sites\/8\/2024\/01\/rosental_beerdigung-p-hans-junker_2024-01-25-461x1024.jpeg 461w, https:\/\/www.osfs.eu\/salesianum-rosental\/wp-content\/uploads\/sites\/8\/2024\/01\/rosental_beerdigung-p-hans-junker_2024-01-25-135x300.jpeg 135w, https:\/\/www.osfs.eu\/salesianum-rosental\/wp-content\/uploads\/sites\/8\/2024\/01\/rosental_beerdigung-p-hans-junker_2024-01-25-691x1536.jpeg 691w, https:\/\/www.osfs.eu\/salesianum-rosental\/wp-content\/uploads\/sites\/8\/2024\/01\/rosental_beerdigung-p-hans-junker_2024-01-25.jpeg 720w\" sizes=\"(max-width: 461px) 100vw, 461px\" \/><\/a><\/figure>\n\n\n\n<figure class=\"wp-block-image size-large\"><a href=\"https:\/\/www.osfs.eu\/salesianum-rosental\/wp-content\/uploads\/sites\/8\/2024\/01\/rosental_beerdigung-p-hans-junker_2024-01-25_02.jpeg\"><img decoding=\"async\" width=\"461\" height=\"1024\" data-id=\"1468\" src=\"https:\/\/www.osfs.eu\/salesianum-rosental\/wp-content\/uploads\/sites\/8\/2024\/01\/rosental_beerdigung-p-hans-junker_2024-01-25_02-461x1024.jpeg\" alt=\"\" class=\"wp-image-1468\" srcset=\"https:\/\/www.osfs.eu\/salesianum-rosental\/wp-content\/uploads\/sites\/8\/2024\/01\/rosental_beerdigung-p-hans-junker_2024-01-25_02-461x1024.jpeg 461w, https:\/\/www.osfs.eu\/salesianum-rosental\/wp-content\/uploads\/sites\/8\/2024\/01\/rosental_beerdigung-p-hans-junker_2024-01-25_02-135x300.jpeg 135w, https:\/\/www.osfs.eu\/salesianum-rosental\/wp-content\/uploads\/sites\/8\/2024\/01\/rosental_beerdigung-p-hans-junker_2024-01-25_02-691x1536.jpeg 691w, https:\/\/www.osfs.eu\/salesianum-rosental\/wp-content\/uploads\/sites\/8\/2024\/01\/rosental_beerdigung-p-hans-junker_2024-01-25_02.jpeg 720w\" sizes=\"(max-width: 461px) 100vw, 461px\" \/><\/a><\/figure>\n\n\n\n<figure class=\"wp-block-image size-large\"><a href=\"https:\/\/www.osfs.eu\/salesianum-rosental\/wp-content\/uploads\/sites\/8\/2024\/01\/rosental_beerdigung-p-hans-junker_2024-01-25_03.jpeg\"><img decoding=\"async\" width=\"461\" height=\"1024\" data-id=\"1481\" src=\"https:\/\/www.osfs.eu\/salesianum-rosental\/wp-content\/uploads\/sites\/8\/2024\/01\/rosental_beerdigung-p-hans-junker_2024-01-25_03-461x1024.jpeg\" alt=\"\" class=\"wp-image-1481\" srcset=\"https:\/\/www.osfs.eu\/salesianum-rosental\/wp-content\/uploads\/sites\/8\/2024\/01\/rosental_beerdigung-p-hans-junker_2024-01-25_03-461x1024.jpeg 461w, https:\/\/www.osfs.eu\/salesianum-rosental\/wp-content\/uploads\/sites\/8\/2024\/01\/rosental_beerdigung-p-hans-junker_2024-01-25_03-135x300.jpeg 135w, https:\/\/www.osfs.eu\/salesianum-rosental\/wp-content\/uploads\/sites\/8\/2024\/01\/rosental_beerdigung-p-hans-junker_2024-01-25_03-691x1536.jpeg 691w, https:\/\/www.osfs.eu\/salesianum-rosental\/wp-content\/uploads\/sites\/8\/2024\/01\/rosental_beerdigung-p-hans-junker_2024-01-25_03.jpeg 720w\" sizes=\"(max-width: 461px) 100vw, 461px\" \/><\/a><\/figure>\n\n\n\n<figure class=\"wp-block-image size-large\"><a href=\"https:\/\/www.osfs.eu\/salesianum-rosental\/wp-content\/uploads\/sites\/8\/2024\/01\/rosental_beerdigung-p-hans-junker_2024-01-25_04.jpeg\"><img loading=\"lazy\" decoding=\"async\" width=\"1024\" height=\"461\" data-id=\"1482\" src=\"https:\/\/www.osfs.eu\/salesianum-rosental\/wp-content\/uploads\/sites\/8\/2024\/01\/rosental_beerdigung-p-hans-junker_2024-01-25_04-1024x461.jpeg\" alt=\"\" class=\"wp-image-1482\" srcset=\"https:\/\/www.osfs.eu\/salesianum-rosental\/wp-content\/uploads\/sites\/8\/2024\/01\/rosental_beerdigung-p-hans-junker_2024-01-25_04-1024x461.jpeg 1024w, https:\/\/www.osfs.eu\/salesianum-rosental\/wp-content\/uploads\/sites\/8\/2024\/01\/rosental_beerdigung-p-hans-junker_2024-01-25_04-300x135.jpeg 300w, https:\/\/www.osfs.eu\/salesianum-rosental\/wp-content\/uploads\/sites\/8\/2024\/01\/rosental_beerdigung-p-hans-junker_2024-01-25_04-768x346.jpeg 768w, https:\/\/www.osfs.eu\/salesianum-rosental\/wp-content\/uploads\/sites\/8\/2024\/01\/rosental_beerdigung-p-hans-junker_2024-01-25_04-1536x691.jpeg 1536w, https:\/\/www.osfs.eu\/salesianum-rosental\/wp-content\/uploads\/sites\/8\/2024\/01\/rosental_beerdigung-p-hans-junker_2024-01-25_04.jpeg 1600w\" sizes=\"(max-width: 1024px) 100vw, 1024px\" \/><\/a><\/figure>\n\n\n\n<figure class=\"wp-block-image size-large\"><a href=\"https:\/\/www.osfs.eu\/salesianum-rosental\/wp-content\/uploads\/sites\/8\/2024\/01\/rosental_beerdigung-p-hans-junker_2024-01-25_05.jpeg\"><img loading=\"lazy\" decoding=\"async\" width=\"1024\" height=\"461\" data-id=\"1484\" src=\"https:\/\/www.osfs.eu\/salesianum-rosental\/wp-content\/uploads\/sites\/8\/2024\/01\/rosental_beerdigung-p-hans-junker_2024-01-25_05-1024x461.jpeg\" alt=\"\" class=\"wp-image-1484\" srcset=\"https:\/\/www.osfs.eu\/salesianum-rosental\/wp-content\/uploads\/sites\/8\/2024\/01\/rosental_beerdigung-p-hans-junker_2024-01-25_05-1024x461.jpeg 1024w, https:\/\/www.osfs.eu\/salesianum-rosental\/wp-content\/uploads\/sites\/8\/2024\/01\/rosental_beerdigung-p-hans-junker_2024-01-25_05-300x135.jpeg 300w, https:\/\/www.osfs.eu\/salesianum-rosental\/wp-content\/uploads\/sites\/8\/2024\/01\/rosental_beerdigung-p-hans-junker_2024-01-25_05-768x346.jpeg 768w, https:\/\/www.osfs.eu\/salesianum-rosental\/wp-content\/uploads\/sites\/8\/2024\/01\/rosental_beerdigung-p-hans-junker_2024-01-25_05-1536x691.jpeg 1536w, https:\/\/www.osfs.eu\/salesianum-rosental\/wp-content\/uploads\/sites\/8\/2024\/01\/rosental_beerdigung-p-hans-junker_2024-01-25_05.jpeg 1600w\" sizes=\"(max-width: 1024px) 100vw, 1024px\" \/><\/a><\/figure>\n\n\n\n<figure class=\"wp-block-image size-large\"><a href=\"https:\/\/www.osfs.eu\/salesianum-rosental\/wp-content\/uploads\/sites\/8\/2024\/01\/rosental_beerdigung-p-hans-junker_2024-01-25_07.jpeg\"><img loading=\"lazy\" decoding=\"async\" width=\"1024\" height=\"461\" data-id=\"1467\" src=\"https:\/\/www.osfs.eu\/salesianum-rosental\/wp-content\/uploads\/sites\/8\/2024\/01\/rosental_beerdigung-p-hans-junker_2024-01-25_07-1024x461.jpeg\" alt=\"\" class=\"wp-image-1467\" srcset=\"https:\/\/www.osfs.eu\/salesianum-rosental\/wp-content\/uploads\/sites\/8\/2024\/01\/rosental_beerdigung-p-hans-junker_2024-01-25_07-1024x461.jpeg 1024w, https:\/\/www.osfs.eu\/salesianum-rosental\/wp-content\/uploads\/sites\/8\/2024\/01\/rosental_beerdigung-p-hans-junker_2024-01-25_07-300x135.jpeg 300w, https:\/\/www.osfs.eu\/salesianum-rosental\/wp-content\/uploads\/sites\/8\/2024\/01\/rosental_beerdigung-p-hans-junker_2024-01-25_07-768x346.jpeg 768w, https:\/\/www.osfs.eu\/salesianum-rosental\/wp-content\/uploads\/sites\/8\/2024\/01\/rosental_beerdigung-p-hans-junker_2024-01-25_07-1536x691.jpeg 1536w, https:\/\/www.osfs.eu\/salesianum-rosental\/wp-content\/uploads\/sites\/8\/2024\/01\/rosental_beerdigung-p-hans-junker_2024-01-25_07.jpeg 1600w\" sizes=\"(max-width: 1024px) 100vw, 1024px\" \/><\/a><\/figure>\n\n\n\n<figure class=\"wp-block-image size-large\"><a href=\"https:\/\/www.osfs.eu\/salesianum-rosental\/wp-content\/uploads\/sites\/8\/2024\/01\/rosental_beerdigung-p-hans-junker_2024-01-25_08.jpeg\"><img loading=\"lazy\" decoding=\"async\" width=\"1024\" height=\"461\" data-id=\"1480\" src=\"https:\/\/www.osfs.eu\/salesianum-rosental\/wp-content\/uploads\/sites\/8\/2024\/01\/rosental_beerdigung-p-hans-junker_2024-01-25_08-1024x461.jpeg\" alt=\"\" class=\"wp-image-1480\" srcset=\"https:\/\/www.osfs.eu\/salesianum-rosental\/wp-content\/uploads\/sites\/8\/2024\/01\/rosental_beerdigung-p-hans-junker_2024-01-25_08-1024x461.jpeg 1024w, https:\/\/www.osfs.eu\/salesianum-rosental\/wp-content\/uploads\/sites\/8\/2024\/01\/rosental_beerdigung-p-hans-junker_2024-01-25_08-300x135.jpeg 300w, https:\/\/www.osfs.eu\/salesianum-rosental\/wp-content\/uploads\/sites\/8\/2024\/01\/rosental_beerdigung-p-hans-junker_2024-01-25_08-768x346.jpeg 768w, https:\/\/www.osfs.eu\/salesianum-rosental\/wp-content\/uploads\/sites\/8\/2024\/01\/rosental_beerdigung-p-hans-junker_2024-01-25_08-1536x691.jpeg 1536w, https:\/\/www.osfs.eu\/salesianum-rosental\/wp-content\/uploads\/sites\/8\/2024\/01\/rosental_beerdigung-p-hans-junker_2024-01-25_08.jpeg 1600w\" sizes=\"(max-width: 1024px) 100vw, 1024px\" \/><\/a><\/figure>\n\n\n\n<figure class=\"wp-block-image size-large\"><a href=\"https:\/\/www.osfs.eu\/salesianum-rosental\/wp-content\/uploads\/sites\/8\/2024\/01\/rosental_beerdigung-p-hans-junker_2024-01-25_10.jpeg\"><img loading=\"lazy\" decoding=\"async\" width=\"1024\" height=\"461\" data-id=\"1479\" src=\"https:\/\/www.osfs.eu\/salesianum-rosental\/wp-content\/uploads\/sites\/8\/2024\/01\/rosental_beerdigung-p-hans-junker_2024-01-25_10-1024x461.jpeg\" alt=\"\" class=\"wp-image-1479\" srcset=\"https:\/\/www.osfs.eu\/salesianum-rosental\/wp-content\/uploads\/sites\/8\/2024\/01\/rosental_beerdigung-p-hans-junker_2024-01-25_10-1024x461.jpeg 1024w, https:\/\/www.osfs.eu\/salesianum-rosental\/wp-content\/uploads\/sites\/8\/2024\/01\/rosental_beerdigung-p-hans-junker_2024-01-25_10-300x135.jpeg 300w, https:\/\/www.osfs.eu\/salesianum-rosental\/wp-content\/uploads\/sites\/8\/2024\/01\/rosental_beerdigung-p-hans-junker_2024-01-25_10-768x346.jpeg 768w, https:\/\/www.osfs.eu\/salesianum-rosental\/wp-content\/uploads\/sites\/8\/2024\/01\/rosental_beerdigung-p-hans-junker_2024-01-25_10-1536x691.jpeg 1536w, https:\/\/www.osfs.eu\/salesianum-rosental\/wp-content\/uploads\/sites\/8\/2024\/01\/rosental_beerdigung-p-hans-junker_2024-01-25_10.jpeg 1600w\" sizes=\"(max-width: 1024px) 100vw, 1024px\" \/><\/a><\/figure>\n\n\n\n<figure class=\"wp-block-image size-large\"><a href=\"https:\/\/www.osfs.eu\/salesianum-rosental\/wp-content\/uploads\/sites\/8\/2024\/01\/rosental_beerdigung-p-hans-junker_2024-01-25_11.jpeg\"><img loading=\"lazy\" decoding=\"async\" width=\"461\" height=\"1024\" data-id=\"1478\" src=\"https:\/\/www.osfs.eu\/salesianum-rosental\/wp-content\/uploads\/sites\/8\/2024\/01\/rosental_beerdigung-p-hans-junker_2024-01-25_11-461x1024.jpeg\" alt=\"\" class=\"wp-image-1478\" srcset=\"https:\/\/www.osfs.eu\/salesianum-rosental\/wp-content\/uploads\/sites\/8\/2024\/01\/rosental_beerdigung-p-hans-junker_2024-01-25_11-461x1024.jpeg 461w, https:\/\/www.osfs.eu\/salesianum-rosental\/wp-content\/uploads\/sites\/8\/2024\/01\/rosental_beerdigung-p-hans-junker_2024-01-25_11-135x300.jpeg 135w, https:\/\/www.osfs.eu\/salesianum-rosental\/wp-content\/uploads\/sites\/8\/2024\/01\/rosental_beerdigung-p-hans-junker_2024-01-25_11-691x1536.jpeg 691w, https:\/\/www.osfs.eu\/salesianum-rosental\/wp-content\/uploads\/sites\/8\/2024\/01\/rosental_beerdigung-p-hans-junker_2024-01-25_11.jpeg 720w\" sizes=\"(max-width: 461px) 100vw, 461px\" \/><\/a><\/figure>\n\n\n\n<figure class=\"wp-block-image size-large\"><a href=\"https:\/\/www.osfs.eu\/salesianum-rosental\/wp-content\/uploads\/sites\/8\/2024\/01\/rosental_beerdigung-p-hans-junker_2024-01-25_14.jpeg\"><img loading=\"lazy\" decoding=\"async\" width=\"1024\" height=\"461\" data-id=\"1476\" src=\"https:\/\/www.osfs.eu\/salesianum-rosental\/wp-content\/uploads\/sites\/8\/2024\/01\/rosental_beerdigung-p-hans-junker_2024-01-25_14-1024x461.jpeg\" alt=\"\" class=\"wp-image-1476\" srcset=\"https:\/\/www.osfs.eu\/salesianum-rosental\/wp-content\/uploads\/sites\/8\/2024\/01\/rosental_beerdigung-p-hans-junker_2024-01-25_14-1024x461.jpeg 1024w, https:\/\/www.osfs.eu\/salesianum-rosental\/wp-content\/uploads\/sites\/8\/2024\/01\/rosental_beerdigung-p-hans-junker_2024-01-25_14-300x135.jpeg 300w, https:\/\/www.osfs.eu\/salesianum-rosental\/wp-content\/uploads\/sites\/8\/2024\/01\/rosental_beerdigung-p-hans-junker_2024-01-25_14-768x346.jpeg 768w, https:\/\/www.osfs.eu\/salesianum-rosental\/wp-content\/uploads\/sites\/8\/2024\/01\/rosental_beerdigung-p-hans-junker_2024-01-25_14-1536x691.jpeg 1536w, https:\/\/www.osfs.eu\/salesianum-rosental\/wp-content\/uploads\/sites\/8\/2024\/01\/rosental_beerdigung-p-hans-junker_2024-01-25_14.jpeg 1600w\" sizes=\"(max-width: 1024px) 100vw, 1024px\" \/><\/a><\/figure>\n\n\n\n<figure class=\"wp-block-image size-large\"><a href=\"https:\/\/www.osfs.eu\/salesianum-rosental\/wp-content\/uploads\/sites\/8\/2024\/01\/rosental_beerdigung-p-hans-junker_2024-01-25_16.jpeg\"><img loading=\"lazy\" decoding=\"async\" width=\"1024\" height=\"461\" data-id=\"1477\" src=\"https:\/\/www.osfs.eu\/salesianum-rosental\/wp-content\/uploads\/sites\/8\/2024\/01\/rosental_beerdigung-p-hans-junker_2024-01-25_16-1024x461.jpeg\" alt=\"\" class=\"wp-image-1477\" srcset=\"https:\/\/www.osfs.eu\/salesianum-rosental\/wp-content\/uploads\/sites\/8\/2024\/01\/rosental_beerdigung-p-hans-junker_2024-01-25_16-1024x461.jpeg 1024w, https:\/\/www.osfs.eu\/salesianum-rosental\/wp-content\/uploads\/sites\/8\/2024\/01\/rosental_beerdigung-p-hans-junker_2024-01-25_16-300x135.jpeg 300w, https:\/\/www.osfs.eu\/salesianum-rosental\/wp-content\/uploads\/sites\/8\/2024\/01\/rosental_beerdigung-p-hans-junker_2024-01-25_16-768x346.jpeg 768w, https:\/\/www.osfs.eu\/salesianum-rosental\/wp-content\/uploads\/sites\/8\/2024\/01\/rosental_beerdigung-p-hans-junker_2024-01-25_16-1536x691.jpeg 1536w, https:\/\/www.osfs.eu\/salesianum-rosental\/wp-content\/uploads\/sites\/8\/2024\/01\/rosental_beerdigung-p-hans-junker_2024-01-25_16.jpeg 1600w\" sizes=\"(max-width: 1024px) 100vw, 1024px\" \/><\/a><\/figure>\n\n\n\n<figure class=\"wp-block-image size-large\"><a href=\"https:\/\/www.osfs.eu\/salesianum-rosental\/wp-content\/uploads\/sites\/8\/2024\/01\/rosental_beerdigung-p-hans-junker_2024-01-25_19.jpeg\"><img loading=\"lazy\" decoding=\"async\" width=\"1024\" height=\"461\" data-id=\"1474\" src=\"https:\/\/www.osfs.eu\/salesianum-rosental\/wp-content\/uploads\/sites\/8\/2024\/01\/rosental_beerdigung-p-hans-junker_2024-01-25_19-1024x461.jpeg\" alt=\"\" class=\"wp-image-1474\" srcset=\"https:\/\/www.osfs.eu\/salesianum-rosental\/wp-content\/uploads\/sites\/8\/2024\/01\/rosental_beerdigung-p-hans-junker_2024-01-25_19-1024x461.jpeg 1024w, https:\/\/www.osfs.eu\/salesianum-rosental\/wp-content\/uploads\/sites\/8\/2024\/01\/rosental_beerdigung-p-hans-junker_2024-01-25_19-300x135.jpeg 300w, https:\/\/www.osfs.eu\/salesianum-rosental\/wp-content\/uploads\/sites\/8\/2024\/01\/rosental_beerdigung-p-hans-junker_2024-01-25_19-768x346.jpeg 768w, https:\/\/www.osfs.eu\/salesianum-rosental\/wp-content\/uploads\/sites\/8\/2024\/01\/rosental_beerdigung-p-hans-junker_2024-01-25_19-1536x691.jpeg 1536w, https:\/\/www.osfs.eu\/salesianum-rosental\/wp-content\/uploads\/sites\/8\/2024\/01\/rosental_beerdigung-p-hans-junker_2024-01-25_19.jpeg 1600w\" sizes=\"(max-width: 1024px) 100vw, 1024px\" \/><\/a><\/figure>\n\n\n\n<figure class=\"wp-block-image size-large\"><a href=\"https:\/\/www.osfs.eu\/salesianum-rosental\/wp-content\/uploads\/sites\/8\/2024\/01\/rosental_beerdigung-p-hans-junker_2024-01-25_21.jpeg\"><img loading=\"lazy\" decoding=\"async\" width=\"461\" height=\"1024\" data-id=\"1471\" src=\"https:\/\/www.osfs.eu\/salesianum-rosental\/wp-content\/uploads\/sites\/8\/2024\/01\/rosental_beerdigung-p-hans-junker_2024-01-25_21-461x1024.jpeg\" alt=\"\" class=\"wp-image-1471\" srcset=\"https:\/\/www.osfs.eu\/salesianum-rosental\/wp-content\/uploads\/sites\/8\/2024\/01\/rosental_beerdigung-p-hans-junker_2024-01-25_21-461x1024.jpeg 461w, https:\/\/www.osfs.eu\/salesianum-rosental\/wp-content\/uploads\/sites\/8\/2024\/01\/rosental_beerdigung-p-hans-junker_2024-01-25_21-135x300.jpeg 135w, https:\/\/www.osfs.eu\/salesianum-rosental\/wp-content\/uploads\/sites\/8\/2024\/01\/rosental_beerdigung-p-hans-junker_2024-01-25_21-691x1536.jpeg 691w, https:\/\/www.osfs.eu\/salesianum-rosental\/wp-content\/uploads\/sites\/8\/2024\/01\/rosental_beerdigung-p-hans-junker_2024-01-25_21.jpeg 720w\" sizes=\"(max-width: 461px) 100vw, 461px\" \/><\/a><\/figure>\n\n\n\n<figure class=\"wp-block-image size-large\"><a href=\"https:\/\/www.osfs.eu\/salesianum-rosental\/wp-content\/uploads\/sites\/8\/2024\/01\/rosental_beerdigung-p-hans-junker_2024-01-25_24.jpeg\"><img loading=\"lazy\" decoding=\"async\" width=\"1024\" height=\"461\" data-id=\"1464\" src=\"https:\/\/www.osfs.eu\/salesianum-rosental\/wp-content\/uploads\/sites\/8\/2024\/01\/rosental_beerdigung-p-hans-junker_2024-01-25_24-1024x461.jpeg\" alt=\"\" class=\"wp-image-1464\" srcset=\"https:\/\/www.osfs.eu\/salesianum-rosental\/wp-content\/uploads\/sites\/8\/2024\/01\/rosental_beerdigung-p-hans-junker_2024-01-25_24-1024x461.jpeg 1024w, https:\/\/www.osfs.eu\/salesianum-rosental\/wp-content\/uploads\/sites\/8\/2024\/01\/rosental_beerdigung-p-hans-junker_2024-01-25_24-300x135.jpeg 300w, https:\/\/www.osfs.eu\/salesianum-rosental\/wp-content\/uploads\/sites\/8\/2024\/01\/rosental_beerdigung-p-hans-junker_2024-01-25_24-768x346.jpeg 768w, https:\/\/www.osfs.eu\/salesianum-rosental\/wp-content\/uploads\/sites\/8\/2024\/01\/rosental_beerdigung-p-hans-junker_2024-01-25_24-1536x691.jpeg 1536w, https:\/\/www.osfs.eu\/salesianum-rosental\/wp-content\/uploads\/sites\/8\/2024\/01\/rosental_beerdigung-p-hans-junker_2024-01-25_24.jpeg 1600w\" sizes=\"(max-width: 1024px) 100vw, 1024px\" \/><\/a><\/figure>\n\n\n\n<figure class=\"wp-block-image size-large\"><a href=\"https:\/\/www.osfs.eu\/salesianum-rosental\/wp-content\/uploads\/sites\/8\/2024\/01\/rosental_beerdigung-p-hans-junker_2024-01-25_29.jpeg\"><img loading=\"lazy\" decoding=\"async\" width=\"1024\" height=\"461\" data-id=\"1465\" src=\"https:\/\/www.osfs.eu\/salesianum-rosental\/wp-content\/uploads\/sites\/8\/2024\/01\/rosental_beerdigung-p-hans-junker_2024-01-25_29-1024x461.jpeg\" alt=\"\" class=\"wp-image-1465\" srcset=\"https:\/\/www.osfs.eu\/salesianum-rosental\/wp-content\/uploads\/sites\/8\/2024\/01\/rosental_beerdigung-p-hans-junker_2024-01-25_29-1024x461.jpeg 1024w, https:\/\/www.osfs.eu\/salesianum-rosental\/wp-content\/uploads\/sites\/8\/2024\/01\/rosental_beerdigung-p-hans-junker_2024-01-25_29-300x135.jpeg 300w, https:\/\/www.osfs.eu\/salesianum-rosental\/wp-content\/uploads\/sites\/8\/2024\/01\/rosental_beerdigung-p-hans-junker_2024-01-25_29-768x346.jpeg 768w, https:\/\/www.osfs.eu\/salesianum-rosental\/wp-content\/uploads\/sites\/8\/2024\/01\/rosental_beerdigung-p-hans-junker_2024-01-25_29-1536x691.jpeg 1536w, https:\/\/www.osfs.eu\/salesianum-rosental\/wp-content\/uploads\/sites\/8\/2024\/01\/rosental_beerdigung-p-hans-junker_2024-01-25_29.jpeg 1600w\" sizes=\"(max-width: 1024px) 100vw, 1024px\" \/><\/a><\/figure>\n\n\n\n<figure class=\"wp-block-image size-large\"><a href=\"https:\/\/www.osfs.eu\/salesianum-rosental\/wp-content\/uploads\/sites\/8\/2024\/01\/rosental_beerdigung-p-hans-junker_2024-01-25_31.jpeg\"><img loading=\"lazy\" decoding=\"async\" width=\"1024\" height=\"461\" data-id=\"1466\" src=\"https:\/\/www.osfs.eu\/salesianum-rosental\/wp-content\/uploads\/sites\/8\/2024\/01\/rosental_beerdigung-p-hans-junker_2024-01-25_31-1024x461.jpeg\" alt=\"\" class=\"wp-image-1466\" srcset=\"https:\/\/www.osfs.eu\/salesianum-rosental\/wp-content\/uploads\/sites\/8\/2024\/01\/rosental_beerdigung-p-hans-junker_2024-01-25_31-1024x461.jpeg 1024w, https:\/\/www.osfs.eu\/salesianum-rosental\/wp-content\/uploads\/sites\/8\/2024\/01\/rosental_beerdigung-p-hans-junker_2024-01-25_31-300x135.jpeg 300w, https:\/\/www.osfs.eu\/salesianum-rosental\/wp-content\/uploads\/sites\/8\/2024\/01\/rosental_beerdigung-p-hans-junker_2024-01-25_31-768x346.jpeg 768w, https:\/\/www.osfs.eu\/salesianum-rosental\/wp-content\/uploads\/sites\/8\/2024\/01\/rosental_beerdigung-p-hans-junker_2024-01-25_31-1536x691.jpeg 1536w, https:\/\/www.osfs.eu\/salesianum-rosental\/wp-content\/uploads\/sites\/8\/2024\/01\/rosental_beerdigung-p-hans-junker_2024-01-25_31.jpeg 1600w\" sizes=\"(max-width: 1024px) 100vw, 1024px\" \/><\/a><\/figure>\n\n\n\n<figure class=\"wp-block-image size-large\"><a href=\"https:\/\/www.osfs.eu\/salesianum-rosental\/wp-content\/uploads\/sites\/8\/2024\/01\/rosental_beerdigung-p-hans-junker_2024-01-25_33.jpeg\"><img loading=\"lazy\" decoding=\"async\" width=\"461\" height=\"1024\" data-id=\"1475\" src=\"https:\/\/www.osfs.eu\/salesianum-rosental\/wp-content\/uploads\/sites\/8\/2024\/01\/rosental_beerdigung-p-hans-junker_2024-01-25_33-461x1024.jpeg\" alt=\"\" class=\"wp-image-1475\" srcset=\"https:\/\/www.osfs.eu\/salesianum-rosental\/wp-content\/uploads\/sites\/8\/2024\/01\/rosental_beerdigung-p-hans-junker_2024-01-25_33-461x1024.jpeg 461w, https:\/\/www.osfs.eu\/salesianum-rosental\/wp-content\/uploads\/sites\/8\/2024\/01\/rosental_beerdigung-p-hans-junker_2024-01-25_33-135x300.jpeg 135w, https:\/\/www.osfs.eu\/salesianum-rosental\/wp-content\/uploads\/sites\/8\/2024\/01\/rosental_beerdigung-p-hans-junker_2024-01-25_33-691x1536.jpeg 691w, https:\/\/www.osfs.eu\/salesianum-rosental\/wp-content\/uploads\/sites\/8\/2024\/01\/rosental_beerdigung-p-hans-junker_2024-01-25_33.jpeg 720w\" sizes=\"(max-width: 461px) 100vw, 461px\" \/><\/a><\/figure>\n\n\n\n<figure class=\"wp-block-image size-large\"><a href=\"https:\/\/www.osfs.eu\/salesianum-rosental\/wp-content\/uploads\/sites\/8\/2024\/01\/rosental_beerdigung-p-hans-junker_2024-01-25_37.jpeg\"><img loading=\"lazy\" decoding=\"async\" width=\"461\" height=\"1024\" data-id=\"1473\" src=\"https:\/\/www.osfs.eu\/salesianum-rosental\/wp-content\/uploads\/sites\/8\/2024\/01\/rosental_beerdigung-p-hans-junker_2024-01-25_37-461x1024.jpeg\" alt=\"\" class=\"wp-image-1473\" srcset=\"https:\/\/www.osfs.eu\/salesianum-rosental\/wp-content\/uploads\/sites\/8\/2024\/01\/rosental_beerdigung-p-hans-junker_2024-01-25_37-461x1024.jpeg 461w, https:\/\/www.osfs.eu\/salesianum-rosental\/wp-content\/uploads\/sites\/8\/2024\/01\/rosental_beerdigung-p-hans-junker_2024-01-25_37-135x300.jpeg 135w, https:\/\/www.osfs.eu\/salesianum-rosental\/wp-content\/uploads\/sites\/8\/2024\/01\/rosental_beerdigung-p-hans-junker_2024-01-25_37-691x1536.jpeg 691w, https:\/\/www.osfs.eu\/salesianum-rosental\/wp-content\/uploads\/sites\/8\/2024\/01\/rosental_beerdigung-p-hans-junker_2024-01-25_37.jpeg 720w\" sizes=\"(max-width: 461px) 100vw, 461px\" \/><\/a><\/figure>\n\n\n\n<figure class=\"wp-block-image size-large\"><a href=\"https:\/\/www.osfs.eu\/salesianum-rosental\/wp-content\/uploads\/sites\/8\/2024\/01\/rosental_beerdigung-p-hans-junker_2024-01-25_38.jpeg\"><img loading=\"lazy\" decoding=\"async\" width=\"461\" height=\"1024\" data-id=\"1470\" src=\"https:\/\/www.osfs.eu\/salesianum-rosental\/wp-content\/uploads\/sites\/8\/2024\/01\/rosental_beerdigung-p-hans-junker_2024-01-25_38-461x1024.jpeg\" alt=\"\" class=\"wp-image-1470\" srcset=\"https:\/\/www.osfs.eu\/salesianum-rosental\/wp-content\/uploads\/sites\/8\/2024\/01\/rosental_beerdigung-p-hans-junker_2024-01-25_38-461x1024.jpeg 461w, https:\/\/www.osfs.eu\/salesianum-rosental\/wp-content\/uploads\/sites\/8\/2024\/01\/rosental_beerdigung-p-hans-junker_2024-01-25_38-135x300.jpeg 135w, https:\/\/www.osfs.eu\/salesianum-rosental\/wp-content\/uploads\/sites\/8\/2024\/01\/rosental_beerdigung-p-hans-junker_2024-01-25_38-691x1536.jpeg 691w, https:\/\/www.osfs.eu\/salesianum-rosental\/wp-content\/uploads\/sites\/8\/2024\/01\/rosental_beerdigung-p-hans-junker_2024-01-25_38.jpeg 720w\" sizes=\"(max-width: 461px) 100vw, 461px\" \/><\/a><\/figure>\n\n\n\n<figure class=\"wp-block-image size-large\"><a href=\"https:\/\/www.osfs.eu\/salesianum-rosental\/wp-content\/uploads\/sites\/8\/2024\/01\/rosental_beerdigung-p-hans-junker_2024-01-25_39.jpeg\"><img loading=\"lazy\" decoding=\"async\" width=\"461\" height=\"1024\" data-id=\"1483\" src=\"https:\/\/www.osfs.eu\/salesianum-rosental\/wp-content\/uploads\/sites\/8\/2024\/01\/rosental_beerdigung-p-hans-junker_2024-01-25_39-461x1024.jpeg\" alt=\"\" class=\"wp-image-1483\" srcset=\"https:\/\/www.osfs.eu\/salesianum-rosental\/wp-content\/uploads\/sites\/8\/2024\/01\/rosental_beerdigung-p-hans-junker_2024-01-25_39-461x1024.jpeg 461w, https:\/\/www.osfs.eu\/salesianum-rosental\/wp-content\/uploads\/sites\/8\/2024\/01\/rosental_beerdigung-p-hans-junker_2024-01-25_39-135x300.jpeg 135w, https:\/\/www.osfs.eu\/salesianum-rosental\/wp-content\/uploads\/sites\/8\/2024\/01\/rosental_beerdigung-p-hans-junker_2024-01-25_39-691x1536.jpeg 691w, https:\/\/www.osfs.eu\/salesianum-rosental\/wp-content\/uploads\/sites\/8\/2024\/01\/rosental_beerdigung-p-hans-junker_2024-01-25_39.jpeg 720w\" sizes=\"(max-width: 461px) 100vw, 461px\" \/><\/a><\/figure>\n\n\n\n<figure class=\"wp-block-image size-large\"><a href=\"https:\/\/www.osfs.eu\/salesianum-rosental\/wp-content\/uploads\/sites\/8\/2024\/01\/rosental_beerdigung-p-hans-junker_2024-01-25_40.jpeg\"><img loading=\"lazy\" decoding=\"async\" width=\"1024\" height=\"461\" data-id=\"1472\" src=\"https:\/\/www.osfs.eu\/salesianum-rosental\/wp-content\/uploads\/sites\/8\/2024\/01\/rosental_beerdigung-p-hans-junker_2024-01-25_40-1024x461.jpeg\" alt=\"\" class=\"wp-image-1472\" srcset=\"https:\/\/www.osfs.eu\/salesianum-rosental\/wp-content\/uploads\/sites\/8\/2024\/01\/rosental_beerdigung-p-hans-junker_2024-01-25_40-1024x461.jpeg 1024w, https:\/\/www.osfs.eu\/salesianum-rosental\/wp-content\/uploads\/sites\/8\/2024\/01\/rosental_beerdigung-p-hans-junker_2024-01-25_40-300x135.jpeg 300w, https:\/\/www.osfs.eu\/salesianum-rosental\/wp-content\/uploads\/sites\/8\/2024\/01\/rosental_beerdigung-p-hans-junker_2024-01-25_40-768x346.jpeg 768w, https:\/\/www.osfs.eu\/salesianum-rosental\/wp-content\/uploads\/sites\/8\/2024\/01\/rosental_beerdigung-p-hans-junker_2024-01-25_40-1536x691.jpeg 1536w, https:\/\/www.osfs.eu\/salesianum-rosental\/wp-content\/uploads\/sites\/8\/2024\/01\/rosental_beerdigung-p-hans-junker_2024-01-25_40.jpeg 1600w\" sizes=\"(max-width: 1024px) 100vw, 1024px\" \/><\/a><\/figure>\n<\/figure>\n","protected":false},"excerpt":{"rendered":"<p>Am Mittwoch, 17. Januar 2024, verstarb unser Mitbruder Pater Hans Junker OSFS im Krankenhaus in Eichst\u00e4tt, Bayern, im 88. Lebensjahr, im 61. Professjahr und im 58. Jahr seiner Priesterweihe. Die Beerdigung fand am 25. Januar 2024 statt.<\/p>\n","protected":false},"author":4,"featured_media":1431,"comment_status":"closed","ping_status":"open","sticky":false,"template":"","format":"standard","meta":{"_acf_changed":false,"footnotes":""},"categories":[1],"tags":[],"class_list":["post-1430","post","type-post","status-publish","format-standard","has-post-thumbnail","hentry","category-allgemein"],"acf":[],"publishpress_future_workflow_manual_trigger":{"enabledWorkflows":[]},"_links":{"self":[{"href":"https:\/\/www.osfs.eu\/salesianum-rosental\/wp-json\/wp\/v2\/posts\/1430","targetHints":{"allow":["GET"]}}],"collection":[{"href":"https:\/\/www.osfs.eu\/salesianum-rosental\/wp-json\/wp\/v2\/posts"}],"about":[{"href":"https:\/\/www.osfs.eu\/salesianum-rosental\/wp-json\/wp\/v2\/types\/post"}],"author":[{"embeddable":true,"href":"https:\/\/www.osfs.eu\/salesianum-rosental\/wp-json\/wp\/v2\/users\/4"}],"replies":[{"embeddable":true,"href":"https:\/\/www.osfs.eu\/salesianum-rosental\/wp-json\/wp\/v2\/comments?post=1430"}],"version-history":[{"count":6,"href":"https:\/\/www.osfs.eu\/salesianum-rosental\/wp-json\/wp\/v2\/posts\/1430\/revisions"}],"predecessor-version":[{"id":1487,"href":"https:\/\/www.osfs.eu\/salesianum-rosental\/wp-json\/wp\/v2\/posts\/1430\/revisions\/1487"}],"wp:featuredmedia":[{"embeddable":true,"href":"https:\/\/www.osfs.eu\/salesianum-rosental\/wp-json\/wp\/v2\/media\/1431"}],"wp:attachment":[{"href":"https:\/\/www.osfs.eu\/salesianum-rosental\/wp-json\/wp\/v2\/media?parent=1430"}],"wp:term":[{"taxonomy":"category","embeddable":true,"href":"https:\/\/www.osfs.eu\/salesianum-rosental\/wp-json\/wp\/v2\/categories?post=1430"},{"taxonomy":"post_tag","embeddable":true,"href":"https:\/\/www.osfs.eu\/salesianum-rosental\/wp-json\/wp\/v2\/tags?post=1430"}],"curies":[{"name":"wp","href":"https:\/\/api.w.org\/{rel}","templated":true}]}}