{"id":1183,"date":"2023-08-01T10:36:06","date_gmt":"2023-08-01T08:36:06","guid":{"rendered":"https:\/\/www.osfs.eu\/salesianum-rosental\/?p=1183"},"modified":"2023-08-01T12:33:40","modified_gmt":"2023-08-01T10:33:40","slug":"diakon-markus-siefermann-osfs-verstorben","status":"publish","type":"post","link":"https:\/\/www.osfs.eu\/salesianum-rosental\/diakon-markus-siefermann-osfs-verstorben\/","title":{"rendered":"Diakon Markus Siefermann OSFS verstorben"},"content":{"rendered":"\n<p>Am&nbsp;<strong>Sonntag, 2. Juli 2023<\/strong>, verstarb unser Mitbruder Diakon Markus Siefermann OSFS im Klinikum in Ingolstadt, Bayern, im 80. Lebensjahr, im 60. Professjahr und im 49. Jahr seines Diakonats.<br><a href=\"https:\/\/www.osfs.eu\/wp-content\/uploads\/2023\/07\/parte_markussiefermann.pdf\" target=\"_blank\" rel=\"noreferrer noopener\">&gt;&gt;&gt;mehr&#8230;<\/a><\/p>\n\n\n\n<p>Die Beerdigung fand am 7. Juli 2023 auf dem Ordensfriedhof im Rosental (85072 Eichst\u00e4tt) statt. Im Anschluss daran wurde das Requiem in der Kapelle des Salesianums Rosental gefeiert. Die&nbsp;<strong>Predigt<\/strong>&nbsp;von Provinzial Pater Josef K\u00f6ltringer OSFS findet man&nbsp;<a href=\"https:\/\/www.osfs.eu\/predigt-zum-requiem-von-diakon-markus-siefermann-osfs\/\" target=\"_blank\" rel=\"noreferrer noopener\">&gt;&gt;&gt;hier&#8230;<\/a>.<br><strong>Fotos<\/strong>&nbsp;von der Beerdigung findet man&nbsp;<a href=\"https:\/\/www.osfs.eu\/diakon-markus-siefermann-osfs-verstorben\/\" target=\"_blank\" rel=\"noreferrer noopener\">&gt;&gt;&gt;hier&#8230;<\/a><\/p>\n\n\n\n<p>Diakon Markus Siefermann wurde 1943 in T\u00fcbingen, Di\u00f6zese Rottenburg-Stuttgart geboren. 1962 trat er bei den Sales-Oblaten ein. 1963 versprach er in Eichst\u00e4tt, Bayern, seine erste, und 1968 seine Ewige Profess. 1974 wurde er in Palmeira das Miss\u00f4es, Brasilien, zum Diakon geweiht. Als gelernter B\u00e4cker war er zun\u00e4chst Koch im Salesianum Rosental in Eichst\u00e4tt. Von 1970 bis 2007 wirkte er an verschiedenen Orten in Brasilien, wof\u00fcr er auch zum Diakon geweiht wurde. Von 2007-2010 war er Hausoberer im Generalat der Sales-Oblaten in Rom. Seit 2010 verbrachte er seinen Ruhestand im Salesianum Rosental in Eichst\u00e4tt, in dem er vor allem salesianische Texte ins Portugiesische \u00fcbersetzte.<\/p>\n","protected":false},"excerpt":{"rendered":"<p>Am&nbsp;Sonntag, 2. Juli 2023, verstarb unser Mitbruder Diakon Markus Siefermann OSFS im Klinikum in Ingolstadt, Bayern, im 80. Lebensjahr, im 60. Professjahr und im 49. Jahr seines Diakonats.&gt;&gt;&gt;mehr&#8230; Die Beerdigung fand am 7. Juli 2023 auf dem Ordensfriedhof im Rosental (85072 Eichst\u00e4tt) statt. Im Anschluss daran wurde das Requiem in der Kapelle des Salesianums Rosental [&hellip;]<\/p>\n","protected":false},"author":4,"featured_media":1194,"comment_status":"closed","ping_status":"open","sticky":false,"template":"","format":"standard","meta":{"_acf_changed":false,"footnotes":""},"categories":[1],"tags":[],"class_list":["post-1183","post","type-post","status-publish","format-standard","has-post-thumbnail","hentry","category-allgemein"],"acf":[],"publishpress_future_workflow_manual_trigger":{"enabledWorkflows":[]},"_links":{"self":[{"href":"https:\/\/www.osfs.eu\/salesianum-rosental\/wp-json\/wp\/v2\/posts\/1183","targetHints":{"allow":["GET"]}}],"collection":[{"href":"https:\/\/www.osfs.eu\/salesianum-rosental\/wp-json\/wp\/v2\/posts"}],"about":[{"href":"https:\/\/www.osfs.eu\/salesianum-rosental\/wp-json\/wp\/v2\/types\/post"}],"author":[{"embeddable":true,"href":"https:\/\/www.osfs.eu\/salesianum-rosental\/wp-json\/wp\/v2\/users\/4"}],"replies":[{"embeddable":true,"href":"https:\/\/www.osfs.eu\/salesianum-rosental\/wp-json\/wp\/v2\/comments?post=1183"}],"version-history":[{"count":2,"href":"https:\/\/www.osfs.eu\/salesianum-rosental\/wp-json\/wp\/v2\/posts\/1183\/revisions"}],"predecessor-version":[{"id":1193,"href":"https:\/\/www.osfs.eu\/salesianum-rosental\/wp-json\/wp\/v2\/posts\/1183\/revisions\/1193"}],"wp:featuredmedia":[{"embeddable":true,"href":"https:\/\/www.osfs.eu\/salesianum-rosental\/wp-json\/wp\/v2\/media\/1194"}],"wp:attachment":[{"href":"https:\/\/www.osfs.eu\/salesianum-rosental\/wp-json\/wp\/v2\/media?parent=1183"}],"wp:term":[{"taxonomy":"category","embeddable":true,"href":"https:\/\/www.osfs.eu\/salesianum-rosental\/wp-json\/wp\/v2\/categories?post=1183"},{"taxonomy":"post_tag","embeddable":true,"href":"https:\/\/www.osfs.eu\/salesianum-rosental\/wp-json\/wp\/v2\/tags?post=1183"}],"curies":[{"name":"wp","href":"https:\/\/api.w.org\/{rel}","templated":true}]}}