{"id":1085,"date":"2023-06-02T09:00:58","date_gmt":"2023-06-02T07:00:58","guid":{"rendered":"https:\/\/www.osfs.eu\/salesianum-rosental\/?p=1085"},"modified":"2023-06-02T10:57:27","modified_gmt":"2023-06-02T08:57:27","slug":"pater-franz-peer-verstorben","status":"publish","type":"post","link":"https:\/\/www.osfs.eu\/salesianum-rosental\/pater-franz-peer-verstorben\/","title":{"rendered":"Pater Franz Peer verstorben"},"content":{"rendered":"\n<p>Am Donnerstag, 1. Juni 2023, verstarb unser Mitbruder Pater Franz Peer in Laab im Walde bei Wien, \u00d6sterreich, im 88. Lebensjahr, im 65. Profess- und 59. Priesterjahr.<\/p>\n\n\n\n<p>Wir geleiten unseren lieben Verstorbenen am Dienstag, 13. Juni 2023 um 11.00 Uhr zu seiner letzten Ruhest\u00e4tte auf dem Sieveringer Friedhof (Wien XIX., Nottebohmstra\u00dfe 51). Anschlie\u00dfend feiern wir im Glauben an die Auferstehung um 12.00 Uhr das Requiem in der Kirche Maria Schmerzen im Kaasgraben, Wien XIX., Ettingshausengasse 1.<\/p>\n\n\n\n<p>P. Franz Peer wurde 1935 in Gro\u00df-Tajax in S\u00fcdm\u00e4hren, Di\u00f6zese Br\u00fcnn (heute: Dyj\u00e1koviceh, Tschechische Republik)&nbsp; geboren. 1957 trat er bei den Sales-Oblaten ein. 1958 versprach er in Eichst\u00e4tt, Bayern, seine erste, und 1962 seine Ewige Profess. 1964 wurde er in Eichst\u00e4tt zum Priester geweiht. Er wirkte vor allem als Provinzsekret\u00e4r und in der Provinz\u00f6konomie im Provinzialat in Sankt Anna und Kaasgraben in Wien. Zudem war er f\u00fcr die Belange des Franz Sales Verlag in \u00d6sterreich zust\u00e4ndig, Kurat der Pfadfindergruppe 15 St. Anna, Missionsprokurator und viele Jahre Seelsorger im Pensionistenwohnheim Fortuna in Wien. Seit 2021 wurde er von seiner Schwester in Laab am Walde bei Wien gepflegt.<\/p>\n\n\n\n<div data-wp-interactive=\"core\/file\" class=\"wp-block-file\"><object data-wp-bind--hidden=\"!state.hasPdfPreview\" hidden class=\"wp-block-file__embed\" data=\"https:\/\/www.osfs.eu\/salesianum-rosental\/wp-content\/uploads\/sites\/8\/2023\/06\/parte_franzpeer.pdf\" type=\"application\/pdf\" style=\"width:100%;height:600px\" aria-label=\"Einbettung von parte_franzpeer.\"><\/object><a id=\"wp-block-file--media-d9271954-c13b-4e2a-a752-9c02ff302cbc\" href=\"https:\/\/www.osfs.eu\/salesianum-rosental\/wp-content\/uploads\/sites\/8\/2023\/06\/parte_franzpeer.pdf\">parte_franzpeer<\/a><a href=\"https:\/\/www.osfs.eu\/salesianum-rosental\/wp-content\/uploads\/sites\/8\/2023\/06\/parte_franzpeer.pdf\" class=\"wp-block-file__button wp-element-button\" download aria-describedby=\"wp-block-file--media-d9271954-c13b-4e2a-a752-9c02ff302cbc\">Herunterladen<\/a><\/div>\n","protected":false},"excerpt":{"rendered":"<p>Am Donnerstag, 1. Juni 2023, verstarb unser Mitbruder Pater Franz Peer in Laab im Walde bei Wien, \u00d6sterreich, im 88. Lebensjahr, im 65. Profess- und 59. Priesterjahr.<\/p>\n","protected":false},"author":4,"featured_media":1086,"comment_status":"closed","ping_status":"open","sticky":false,"template":"","format":"standard","meta":{"_acf_changed":false,"footnotes":""},"categories":[1],"tags":[],"class_list":["post-1085","post","type-post","status-publish","format-standard","has-post-thumbnail","hentry","category-allgemein"],"acf":[],"publishpress_future_workflow_manual_trigger":{"enabledWorkflows":[]},"_links":{"self":[{"href":"https:\/\/www.osfs.eu\/salesianum-rosental\/wp-json\/wp\/v2\/posts\/1085","targetHints":{"allow":["GET"]}}],"collection":[{"href":"https:\/\/www.osfs.eu\/salesianum-rosental\/wp-json\/wp\/v2\/posts"}],"about":[{"href":"https:\/\/www.osfs.eu\/salesianum-rosental\/wp-json\/wp\/v2\/types\/post"}],"author":[{"embeddable":true,"href":"https:\/\/www.osfs.eu\/salesianum-rosental\/wp-json\/wp\/v2\/users\/4"}],"replies":[{"embeddable":true,"href":"https:\/\/www.osfs.eu\/salesianum-rosental\/wp-json\/wp\/v2\/comments?post=1085"}],"version-history":[{"count":3,"href":"https:\/\/www.osfs.eu\/salesianum-rosental\/wp-json\/wp\/v2\/posts\/1085\/revisions"}],"predecessor-version":[{"id":1094,"href":"https:\/\/www.osfs.eu\/salesianum-rosental\/wp-json\/wp\/v2\/posts\/1085\/revisions\/1094"}],"wp:featuredmedia":[{"embeddable":true,"href":"https:\/\/www.osfs.eu\/salesianum-rosental\/wp-json\/wp\/v2\/media\/1086"}],"wp:attachment":[{"href":"https:\/\/www.osfs.eu\/salesianum-rosental\/wp-json\/wp\/v2\/media?parent=1085"}],"wp:term":[{"taxonomy":"category","embeddable":true,"href":"https:\/\/www.osfs.eu\/salesianum-rosental\/wp-json\/wp\/v2\/categories?post=1085"},{"taxonomy":"post_tag","embeddable":true,"href":"https:\/\/www.osfs.eu\/salesianum-rosental\/wp-json\/wp\/v2\/tags?post=1085"}],"curies":[{"name":"wp","href":"https:\/\/api.w.org\/{rel}","templated":true}]}}